{"id":27982,"date":"2026-04-28T02:00:03","date_gmt":"2026-04-28T00:00:03","guid":{"rendered":"https:\/\/carfundacion.roymo.info\/?p=27982"},"modified":"2026-04-21T16:23:18","modified_gmt":"2026-04-21T14:23:18","slug":"gabon-iglesia-sacerdotes-formados-comunicacion","status":"publish","type":"post","link":"https:\/\/staging.fundacioncarf.org\/pt\/gabon-iglesia-sacerdotes-formados-comunicacion\/","title":{"rendered":"\u00abA Igreja Cat\u00f3lica do Gab\u00e3o precisa de padres formados em comunica\u00e7\u00e3o\u00bb.\u00bb"},"content":{"rendered":"<p>Wenceslas Herman Lengoma \u00e9 um sacerdote da diocese de Franceville, em <a href=\"https:\/\/es.wikipedia.org\/wiki\/Gab%C3%B3n\" target=\"_blank\" rel=\"noreferrer noopener\">Gab\u00e3o<\/a> (\u00c1frica Central). Tem 46 anos e estudou uma licenciatura em Comunica\u00e7\u00e3o Social Institucional na Pontif\u00edcia Universidade da Santa Cruz em Roma de 2019 a 2021. Esta foi a sua experi\u00eancia durante a sua forma\u00e7\u00e3o. <\/p>\n\n\n\n<p>O seu objetivo \u00e9 regressar ao Gab\u00e3o para gerir profissionalmente as institui\u00e7\u00f5es medi\u00e1ticas da sua diocese, compreendendo que a mensagem do Evangelho exige hoje instrumentos t\u00e9cnicos e narrativos modernos.<\/p>\n\n\n\n<h2 class=\"wp-block-heading\" id=\"gabon-necesita-pastores-formados\">\u00abPrecisamos de padres bem formados para a Igreja Cat\u00f3lica\u00bb.\u00bb<\/h2>\n\n\n\n<p>O Gab\u00e3o tem atualmente seis dioceses e uma prefeitura apost\u00f3lica. O pa\u00eds recebeu os seus primeiros mission\u00e1rios em 1944, a 29 de setembro, quando a Igreja Cat\u00f3lica foi estabelecida no Gab\u00e3o pelos mission\u00e1rios da Congrega\u00e7\u00e3o do Sagrado Cora\u00e7\u00e3o de Maria, que mais tarde se tornou a Congrega\u00e7\u00e3o do Esp\u00edrito Santo ou os Espiritanos.<\/p>\n\n\n\n<p>A diocese onde estou incardinado, a de Franceville, agrupa duas grandes prov\u00edncias: a prov\u00edncia de Haut Ogoou\u00e9 e a de Ogoou\u00e9 Lolo. Esta extens\u00e3o coloca um s\u00e9rio problema para o trabalho pastoral, devido ao pequeno n\u00famero de padres que n\u00e3o chegam a todos os fi\u00e9is. Precisamos de mais padres na minha diocese, bem formados, para chegar a todos os fi\u00e9is.<\/p>\n\n\n\n<p>Este problema est\u00e1 a fazer com que as chamadas \u201cigrejas de reavivamento protestantes\u201d se estabele\u00e7am na regi\u00e3o. Estas <a href=\"https:\/\/staging.fundacioncarf.org\/servir-a-la-iglesia\/\" data-type=\"page\" data-id=\"169919\" target=\"_blank\" rel=\"noreferrer noopener\">igrejas<\/a> V\u00eam at\u00e9 n\u00f3s de pa\u00edses fronteiri\u00e7os como o Congo Brazzaville, os Camar\u00f5es, e ainda mais longe, de pa\u00edses como a Nig\u00e9ria, o Togo, o Benim, o Chade, etc. <\/p>\n\n\n\n<p>Esta \u00e9, portanto, a principal raz\u00e3o pela qual o meu bispo me enviou a Roma para estudar Comunica\u00e7\u00e3o Social Institucional, para mais tarde criar uma esta\u00e7\u00e3o de r\u00e1dio cat\u00f3lica na diocese, que promoveria a proximidade com os nossos fi\u00e9is atrav\u00e9s de programas religiosos como a missa, a adora\u00e7\u00e3o, a leitura da palavra de Deus, etc.<\/p>\n\n\n\n<h3 class=\"wp-block-heading\" id=\"necesidades-concretas-de-mi-diocesis\">As necessidades concretas da minha diocese<\/h3>\n\n\n\n<p>Comecei a estudar Comunica\u00e7\u00e3o Social numa universidade em Roma onde me formei em disciplinas como a Doutrina Social da Igreja, Hist\u00f3ria da Sociologia, Economia, Psicologia, Hist\u00f3ria dos media, etc. Todos estes assuntos, apesar da sua import\u00e2ncia, n\u00e3o satisfizeram as necessidades concretas da minha diocese. Por isso, decidi mudar de universidade.<\/p>\n\n\n\n<blockquote class=\"wp-block-quote is-layout-flow wp-block-quote-is-layout-flow\">\n<p><strong><em>\"Precisamos de mais padres bem treinados na minha diocese de Franceville (Gab\u00e3o, \u00c1frica Central) para chegar a todos os fi\u00e9is.<\/em><\/strong><\/p>\n<\/blockquote>\n\n\n\n<p>O seu bispo quer promover uma esta\u00e7\u00e3o de r\u00e1dio cat\u00f3lica na diocese e fomentar a proximidade com os fi\u00e9is atrav\u00e9s de programas religiosos.<\/p>\n\n\n\n<p><strong>\"Eu embarquei numa incr\u00edvel aventura\".<\/strong><\/p>\n\n\n\n<p>No dia 8 de outubro de 2018, dia do in\u00edcio do ano letivo, embarquei numa aventura incr\u00edvel: a de procurar a universidade que me pudesse dar a forma\u00e7\u00e3o necess\u00e1ria para ser \u00fatil e eficaz para o povo de Deus no meu pa\u00eds, e como a provid\u00eancia \u00e9 a m\u00e3e de todas as virtudes, \u00e0s 10h30 - ainda me lembro do dia e da hora exactos - deparei com um grande edif\u00edcio onde se podia ler a placa \u201cPontif\u00edcia Universidade da Santa Cruz\u201d.<\/p>\n\n\n\n<figure class=\"wp-block-image size-full is-resized\"><img decoding=\"async\" width=\"960\" height=\"720\" src=\"https:\/\/staging.fundacioncarf.org\/wp-content\/uploads\/2020\/09\/Cathedral_of_Saint-Marie_Libreville.jpg\" alt=\"gab\u00f3n iglesia cat\u00f3lica sacerdote comunicaci\u00f3n \" class=\"wp-image-228916\" style=\"aspect-ratio:1.3333421912784673;width:788px;height:auto\" srcset=\"https:\/\/staging.fundacioncarf.org\/wp-content\/uploads\/2020\/09\/Cathedral_of_Saint-Marie_Libreville.jpg 960w, https:\/\/staging.fundacioncarf.org\/wp-content\/uploads\/2020\/09\/Cathedral_of_Saint-Marie_Libreville-300x225.jpg 300w, https:\/\/staging.fundacioncarf.org\/wp-content\/uploads\/2020\/09\/Cathedral_of_Saint-Marie_Libreville-150x113.jpg 150w, https:\/\/staging.fundacioncarf.org\/wp-content\/uploads\/2020\/09\/Cathedral_of_Saint-Marie_Libreville-768x576.jpg 768w, https:\/\/staging.fundacioncarf.org\/wp-content\/uploads\/2020\/09\/Cathedral_of_Saint-Marie_Libreville-16x12.jpg 16w\" sizes=\"(max-width: 960px) 100vw, 960px\" \/><\/figure>\n\n\n\n<p>O meu cora\u00e7\u00e3o estava cheio de alegria, mesmo sem saber porqu\u00ea. Por isso, animei-me e, sem saber exactamente para onde ia, entrei e caminhei com grande determina\u00e7\u00e3o. Vagueei pelos corredores, li material sobre as faculdades e as aulas, e no final vim conhecer o Professor Daniel Arasa, Vice-Reitor da Faculdade de Comunica\u00e7\u00e3o, e depois o Reitor da Faculdade de Comunica\u00e7\u00e3o.<\/p>\n\n\n\n<p><strong>Padres bem treinados no campo da comunica\u00e7\u00e3o<\/strong><\/p>\n\n\n\n<p>Expliquei-lhes o que me tinha acontecido e a necessidade urgente que a minha diocese e eu t\u00ednhamos de padres bem formados no dom\u00ednio da comunica\u00e7\u00e3o. Passou mais de um ano desde esse momento e posso dizer que em Holy Cross encontrei uma liga\u00e7\u00e3o direta com os objectivos h\u00e1 muito esperados pela minha diocese, e hoje sinto-me feliz e estou a aprender muito, pelo que estou muito grato aos respons\u00e1veis por esta institui\u00e7\u00e3o.<\/p>\n\n\n\n<blockquote class=\"wp-block-quote is-layout-flow wp-block-quote-is-layout-flow\">\n<p><em><strong>\"Na Pontif\u00edcia Universidade da Santa Cruz, encontrei uma liga\u00e7\u00e3o directa com os objectivos h\u00e1 muito esperados da minha diocese\".<\/strong><\/em><\/p>\n<\/blockquote>\n\n\n\n<p>Venceslau aprendeu muito na Universidade Pontif\u00edcia da Santa Cruz, em Roma. Gra\u00e7as \u00e0 sua licenciatura em Comunica\u00e7\u00e3o Social Institucional, quando chegar \u00e0 sua diocese no Gab\u00e3o, poder\u00e1 promover a esta\u00e7\u00e3o de r\u00e1dio cat\u00f3lica que o seu bispo lhe pediu para criar, cujo trabalho foi suspenso por falta de fundos. Est\u00e1 grato aos parceiros, benfeitores e amigos da Funda\u00e7\u00e3o CARF pela ajuda que lhe deram para completar os seus estudos.<\/p>\n\n\n\n<p><strong>Gra\u00e7as ao apoio da Funda\u00e7\u00e3o CARF<\/strong><\/p>\n\n\n\n<p>O que tornou poss\u00edvel esta grande mudan\u00e7a na minha vida acad\u00e9mica e sacerdotal - pois assim posso dedicar-me \u00e0s necessidades do povo de Deus na minha diocese - foi o apoio da Funda\u00e7\u00e3o CARF (Funda\u00e7\u00e3o Centro Acad\u00e9mico Romano). <\/p>\n\n\n\n<p>De facto, quando me inscrevi, o representante desta Funda\u00e7\u00e3o falou-me da possibilidade de ser ajudado - e n\u00e3o s\u00f3 eu, mas tamb\u00e9m a minha diocese - a formar-me na Faculdade de Comunica\u00e7\u00e3o e a p\u00f4r os meus conhecimentos ao servi\u00e7o do meu bispo e dos fi\u00e9is do Gab\u00e3o, completando a esta\u00e7\u00e3o de r\u00e1dio, cujos trabalhos de constru\u00e7\u00e3o estavam suspensos por falta de fundos.<\/p>\n\n\n\n<p>\u00abEsta experi\u00eancia \u00e9 uma aventura providencial que me conduziu a esta <a href=\"https:\/\/es.pusc.it\/\" target=\"_blank\" rel=\"noreferrer noopener\"><strong>Pontif\u00edcia Universidade da Santa Cruz<\/strong><\/a>. Continuo grato a todo o pessoal administrativo, aos professores, assim como aos benfeitores da Funda\u00e7\u00e3o CARF: que o Senhor conceda a cada um de v\u00f3s as gra\u00e7as necess\u00e1rias, e que S\u00e3o Josemaria Escriv\u00e1, fundador do Opus Dei, cuide sempre de cada uma das vossas fam\u00edlias e de v\u00f3s!<\/p>\n\n\n\n<figure class=\"wp-block-embed is-type-video is-provider-youtube wp-block-embed-youtube wp-embed-aspect-16-9 wp-has-aspect-ratio\"><div class=\"wp-block-embed__wrapper\">\n<iframe loading=\"lazy\" title=\"Testemunhas de Pedro Pablo, a hist\u00f3ria de um padre venezuelano\" width=\"500\" height=\"281\" src=\"https:\/\/www.youtube.com\/embed\/74MBV0i3nJg?feature=oembed\" frameborder=\"0\" allow=\"accelerometer; autoplay; clipboard-write; encrypted-media; gyroscope; picture-in-picture; web-share\" referrerpolicy=\"strict-origin-when-cross-origin\" allowfullscreen><\/iframe>\n<\/div><\/figure>\n\n\n\n<hr class=\"wp-block-separator has-alpha-channel-opacity\"\/>\n\n\n\n<p><strong><a href=\"https:\/\/www.amazon.es\/stores\/author\/B0C8ZNHJ95\" target=\"_blank\" rel=\"noreferrer noopener\">Gerardo Ferrara<\/a><\/strong><br>Licenciado em Hist\u00f3ria e Ci\u00eancia Pol\u00edtica, especializado no M\u00e9dio Oriente.<br>Respons\u00e1vel pelos estudantes da Pontif\u00edcia Universidade da Santa Cruz em Roma.<\/p>\n\n\n\n<hr class=\"wp-block-separator has-alpha-channel-opacity\"\/>\n\n\n\n<div class=\"wp-block-rank-math-toc-block\" id=\"rank-math-toc\"><h2>\u00cdndice<\/h2><nav><ul><li><a href=\"#gabon-necesita-pastores-formados\">\u00abPrecisamos de padres bem formados para a Igreja Cat\u00f3lica\u00bb.\u00bb<\/a><ul><li><a href=\"#necesidades-concretas-de-mi-diocesis\">As necessidades concretas da minha diocese<\/a><\/li><\/ul><\/li><\/ul><\/nav><\/div>\n\n\n\n<hr class=\"wp-block-separator has-alpha-channel-opacity\"\/>","protected":false},"excerpt":{"rendered":"<p>Wenceslas Lengoma \u00e9 um sacerdote do Gab\u00e3o (\u00c1frica Central). Estudou Comunica\u00e7\u00e3o Social Institucional na Pontif\u00edcia Universidade da Santa Cruz, em Roma, para criar a esta\u00e7\u00e3o de r\u00e1dio diocesana ap\u00f3s o seu regresso.<\/p>","protected":false},"author":4,"featured_media":229442,"comment_status":"closed","ping_status":"closed","sticky":false,"template":"","format":"standard","meta":{"_acf_changed":false,"give_campaign_id":0,"footnotes":""},"categories":[109],"tags":[172,120,121],"class_list":["post-27982","post","type-post","status-publish","format-standard","has-post-thumbnail","hentry","category-historias","tag-congregaciones-religiosas","tag-sacerdote","tag-seminarista"],"acf":[],"_links":{"self":[{"href":"https:\/\/staging.fundacioncarf.org\/pt\/wp-json\/wp\/v2\/posts\/27982","targetHints":{"allow":["GET"]}}],"collection":[{"href":"https:\/\/staging.fundacioncarf.org\/pt\/wp-json\/wp\/v2\/posts"}],"about":[{"href":"https:\/\/staging.fundacioncarf.org\/pt\/wp-json\/wp\/v2\/types\/post"}],"author":[{"embeddable":true,"href":"https:\/\/staging.fundacioncarf.org\/pt\/wp-json\/wp\/v2\/users\/4"}],"replies":[{"embeddable":true,"href":"https:\/\/staging.fundacioncarf.org\/pt\/wp-json\/wp\/v2\/comments?post=27982"}],"version-history":[{"count":19,"href":"https:\/\/staging.fundacioncarf.org\/pt\/wp-json\/wp\/v2\/posts\/27982\/revisions"}],"predecessor-version":[{"id":229445,"href":"https:\/\/staging.fundacioncarf.org\/pt\/wp-json\/wp\/v2\/posts\/27982\/revisions\/229445"}],"wp:featuredmedia":[{"embeddable":true,"href":"https:\/\/staging.fundacioncarf.org\/pt\/wp-json\/wp\/v2\/media\/229442"}],"wp:attachment":[{"href":"https:\/\/staging.fundacioncarf.org\/pt\/wp-json\/wp\/v2\/media?parent=27982"}],"wp:term":[{"taxonomy":"category","embeddable":true,"href":"https:\/\/staging.fundacioncarf.org\/pt\/wp-json\/wp\/v2\/categories?post=27982"},{"taxonomy":"post_tag","embeddable":true,"href":"https:\/\/staging.fundacioncarf.org\/pt\/wp-json\/wp\/v2\/tags?post=27982"}],"curies":[{"name":"wp","href":"https:\/\/api.w.org\/{rel}","templated":true}]}}