{"id":167779,"date":"2025-10-09T06:00:00","date_gmt":"2025-10-09T04:00:00","guid":{"rendered":"https:\/\/carfundacion.roymo.info\/blog\/los-milagros-eucaristicos-del-beato-carlo-acutis\/"},"modified":"2026-04-22T11:49:31","modified_gmt":"2026-04-22T09:49:31","slug":"los-milagros-eucaristicos-de-san-carlo-acutis","status":"publish","type":"post","link":"https:\/\/staging.fundacioncarf.org\/pt\/los-milagros-eucaristicos-de-san-carlo-acutis\/","title":{"rendered":"Os 108 milagres eucar\u00edsticos de S\u00e3o Carlo Acutis"},"content":{"rendered":"<p>Com as suas ac\u00e7\u00f5es e a sua conduta, o santo j\u00e1 declarado representa um modelo de jovem que sabe seguir com coragem e firmeza o caminho indicado pelo Senhor, apesar das dificuldades, sem deixar de levar uma vida pr\u00f3xima de Jesus.<\/p>\n\n\n\n<p>O projeto de vida de S\u00e3o Carlo Acutis, considerado o santo milenar, era viver com Jesus, para Jesus e em uni\u00e3o com Jesus. A sua vida n\u00e3o era para ser dedicada a coisas v\u00e3s, mas para ser entregue a Deus, colocando todos os seus projectos nas suas m\u00e3os.<\/p>\n\n\n\n<p>A vida deste jovem santo italiano, <strong>deixa como fruto uma obra sobre os milagres eucar\u00edsticos para todos os crist\u00e3os<\/strong> com o qual consegue levar Jesus a todo o mundo atrav\u00e9s da Internet. Desta forma, quase sem querer, deu um contributo para a a\u00e7\u00e3o evangelizadora da Igreja em torno da Sagrada Eucaristia e da presen\u00e7a real de Jesus nela.<\/p>\n\n\n\n<h2 class=\"wp-block-heading\" id=\"testigo-joven-del-evangelio\">Jovens testemunhas do Evangelho<\/h2>\n\n\n\n<p>O Beato Carlo Acutis \u00e9 uma verdadeira testemunha de que o Evangelho pode ser plenamente vivido por um adolescente. <strong>A sua breve exist\u00eancia, destinada ao objectivo de encontrar Jesus, \u00e9 um exemplo para a juventude crist\u00e3.<\/strong>.<\/p>\n\n\n\n<figure class=\"wp-block-image size-large is-resized\"><img decoding=\"async\" width=\"1024\" height=\"663\" src=\"https:\/\/staging.fundacioncarf.org\/wp-content\/uploads\/2024\/06\/milagros-eucaristicos-carlo-acutis-1024x663.png\" alt=\"milagros eucar\u00edsticos carlo acutis\" class=\"wp-image-200888\" style=\"width:789px;height:auto\" srcset=\"https:\/\/staging.fundacioncarf.org\/wp-content\/uploads\/2024\/06\/milagros-eucaristicos-carlo-acutis-1024x663.png 1024w, https:\/\/staging.fundacioncarf.org\/wp-content\/uploads\/2024\/06\/milagros-eucaristicos-carlo-acutis-300x194.png 300w, https:\/\/staging.fundacioncarf.org\/wp-content\/uploads\/2024\/06\/milagros-eucaristicos-carlo-acutis-150x97.png 150w, https:\/\/staging.fundacioncarf.org\/wp-content\/uploads\/2024\/06\/milagros-eucaristicos-carlo-acutis-768x498.png 768w, https:\/\/staging.fundacioncarf.org\/wp-content\/uploads\/2024\/06\/milagros-eucaristicos-carlo-acutis-18x12.png 18w, https:\/\/staging.fundacioncarf.org\/wp-content\/uploads\/2024\/06\/milagros-eucaristicos-carlo-acutis.png 1079w\" sizes=\"(max-width: 1024px) 100vw, 1024px\" \/><figcaption class=\"wp-element-caption\">Mapa com os 163 pain\u00e9is criados por S\u00e3o Carlos Acutis<\/figcaption><\/figure>\n\n\n\n<div class=\"wp-block-buttons is-content-justification-center is-layout-flex wp-container-core-buttons-is-layout-a89b3969 wp-block-buttons-is-layout-flex\">\n<div class=\"wp-block-button\"><a class=\"wp-block-button__link wp-element-button\" href=\"https:\/\/staging.fundacioncarf.org\/donar\/\">Fa\u00e7a um donativo para que os padres possam celebrar o milagre da Missa<\/a><\/div>\n<\/div>\n\n\n\n<p><\/p>\n\n\n\n<h2 class=\"wp-block-heading\" id=\"la-exposicion-sobre-los-milagros-eucaristicos-de-san-carlo-acutis\">A exposi\u00e7\u00e3o sobre os milagres eucar\u00edsticos de S. Carlo Acutis<\/h2>\n\n\n\n<p>Carlo Acutis \u00e9 conhecido como&nbsp;<strong>Padroeiro da Internet porque ele foi capaz de usar as novas t\u00e9cnicas de comunica\u00e7\u00e3o para transmitir o Evangelho e para comunicar os valores crist\u00e3os.<\/strong><\/p>\n\n\n\n<p>Al\u00e9m disso, conduziu trabalhos de pesquisa, compila\u00e7\u00e3o e desenho que resultaram na\u00a0<strong>cria\u00e7\u00e3o de 163 pain\u00e9is com fotografias e descri\u00e7\u00f5es hist\u00f3ricas de milagres eucar\u00edsticos<\/strong>\u00a0em diferentes s\u00e9culos e no mundo.<\/p>\n\n\n\n<p>Desta forma&nbsp;<strong>a exposi\u00e7\u00e3o sobre os milagres eucar\u00edsticos de S. Jo\u00e3o da Cruz <a href=\"https:\/\/carloacutis.com\/es\/association\" data-type=\"link\" data-id=\"https:\/\/carloacutis.com\/es\/association\" target=\"_blank\" rel=\"noreferrer noopener\">Carlo Acutis<\/a> que j\u00e1 percorreu v\u00e1rios pa\u00edses do mundo<\/strong>J\u00e1 visitou mais de 500 par\u00f3quias em It\u00e1lia e mais de dez mil par\u00f3quias noutros pa\u00edses, com tradu\u00e7\u00f5es em v\u00e1rias l\u00ednguas.<\/p>\n\n\n\n<p>Com um&nbsp;<strong>uma grande variedade de fotografias e descri\u00e7\u00f5es hist\u00f3ricas, a exposi\u00e7\u00e3o dos milagres eucar\u00edsticos<\/strong>&nbsp;que t\u00eam ocorrido ao longo dos s\u00e9culos em diferentes pa\u00edses e que t\u00eam sido as principais causas de&nbsp;<strong>reconhecido pela Igreja Cat\u00f3lica.&nbsp;<\/strong>Atrav\u00e9s dos pain\u00e9is, o santo milenarista leva-nos a visitar virtualmente os locais onde estes milagres tiveram lugar.<\/p>\n\n\n\n<h2 class=\"wp-block-heading\" id=\"originales-y-fotocopias\">Originais e fotoc\u00f3pias<\/h2>\n\n\n\n<p>S\u00e3o Carlo Acutis tem uma mensagem para os jovens de hoje:<strong>&nbsp;a vida em Cristo \u00e9 bela e tem de ser vivida ao m\u00e1ximo<\/strong>. As realidades eternas s\u00e3o reais e n\u00f3s estamos imersos nelas mais do que nos apercebemos.<\/p>\n\n\n\n<blockquote class=\"wp-block-quote is-layout-flow wp-block-quote-is-layout-flow\">\n<p><strong>\"Todos nascem originais, mas muitos morrem como fotoc\u00f3pias\". <\/strong>Para n\u00e3o morrer como uma fotoc\u00f3pia, Carlo Acutis bebe na fonte dos sacramentos, que para ele s\u00e3o o meio mais poderoso para crescer nas virtudes crist\u00e3s.&nbsp;<\/p>\n<\/blockquote>\n\n\n\n<figure class=\"wp-block-image size-large is-resized\"><img decoding=\"async\" width=\"1024\" height=\"768\" src=\"https:\/\/staging.fundacioncarf.org\/wp-content\/uploads\/2024\/06\/Carlo-Acutis-1024x768.jpeg\" alt=\"El joven san Carlo Acutis en una foto al aire libre con un paisaje de monta\u00f1as al fondo, vistiendo un polo rojo y una mochila.\" class=\"wp-image-224513\" style=\"width:792px;height:auto\" srcset=\"https:\/\/staging.fundacioncarf.org\/wp-content\/uploads\/2024\/06\/Carlo-Acutis-1024x768.jpeg 1024w, https:\/\/staging.fundacioncarf.org\/wp-content\/uploads\/2024\/06\/Carlo-Acutis-300x225.jpeg 300w, https:\/\/staging.fundacioncarf.org\/wp-content\/uploads\/2024\/06\/Carlo-Acutis-150x113.jpeg 150w, https:\/\/staging.fundacioncarf.org\/wp-content\/uploads\/2024\/06\/Carlo-Acutis-768x576.jpeg 768w, https:\/\/staging.fundacioncarf.org\/wp-content\/uploads\/2024\/06\/Carlo-Acutis-1536x1152.jpeg 1536w, https:\/\/staging.fundacioncarf.org\/wp-content\/uploads\/2024\/06\/Carlo-Acutis-16x12.jpeg 16w, https:\/\/staging.fundacioncarf.org\/wp-content\/uploads\/2024\/06\/Carlo-Acutis.jpeg 1800w\" sizes=\"(max-width: 1024px) 100vw, 1024px\" \/><figcaption class=\"wp-element-caption\">Carlo Acutis (1991-2006), o <em>ciberap\u00f3stolo da Eucaristia<\/em>, cuja pr\u00f3xima canoniza\u00e7\u00e3o o tornar\u00e1 S\u00e3o Carlo Acutis.<\/figcaption><\/figure>\n\n\n\n<h3 class=\"wp-block-heading\" id=\"en-las-partes-de-la-misa-que-son-los-milagros-eucaristicos\">O que s\u00e3o os milagres eucar\u00edsticos?<\/h3>\n\n\n\n<p>O\u00a0<strong>Os milagres eucar\u00edsticos s\u00e3o interven\u00e7\u00f5es prodigiosas de Deus.<\/strong>\u00a0que t\u00eam por objetivo confirmar a f\u00e9 na presen\u00e7a real do corpo e do sangue do Senhor na <a href=\"https:\/\/staging.fundacioncarf.org\/la-eucaristia-memorial-del-corazon\/\" target=\"_blank\" data-type=\"post\" data-id=\"182932\" rel=\"noreferrer noopener\">Eucaristia<\/a>.<\/p>\n\n\n\n<p>Durante a liturgia da Eucaristia, o momento mais importante da missa cat\u00f3lica, \u00e9 a Consagra\u00e7\u00e3o do p\u00e3o e do vinho que ser\u00e3o transformados, atrav\u00e9s das palavras do sacerdote, no corpo e no sangue de Cristo.<\/p>\n\n\n\n<p>Esta maravilhosa transforma\u00e7\u00e3o, por parte do <a href=\"https:\/\/staging.fundacioncarf.org\/partes-de-la-misa-catolica-explicada\/\" data-type=\"post\" data-id=\"167732\" target=\"_blank\" rel=\"noreferrer noopener\">Missa<\/a> A mais importante delas chama-se transubstancia\u00e7\u00e3o, ou seja, a mudan\u00e7a de uma subst\u00e2ncia em outra, que n\u00e3o pode ser experimentada pelos sentidos, apenas a f\u00e9 nos assegura essa maravilhosa transforma\u00e7\u00e3o. Muda a subst\u00e2ncia sem mudar os acidentes.<\/p>\n\n\n\n<p><strong>Os milagres eucar\u00edsticos procuram confirmar esta f\u00e9, que se baseia nas palavras de Jesus: o que parece p\u00e3o n\u00e3o \u00e9 p\u00e3o e o que parece vinho n\u00e3o \u00e9 vinho.<\/strong><\/p>\n\n\n\n<p>Nos milagres eucar\u00edsticos, v\u00ea-se de facto carne e sangue, ou um sem o outro, conforme o milagre. <\/p>\n\n\n\n<p>O objetivo destas maravilhas \u00e9 mostrar que n\u00e3o devemos olhar para a apar\u00eancia exterior (p\u00e3o e vinho), mas para a subst\u00e2ncia, a verdadeira realidade das coisas, que \u00e9 a carne e o sangue de Jesus Cristo, Deus nosso Senhor.<\/p>\n\n\n\n<figure class=\"wp-block-image size-large is-resized\"><img decoding=\"async\" width=\"1024\" height=\"512\" src=\"https:\/\/staging.fundacioncarf.org\/wp-content\/uploads\/2024\/06\/carlo-acutis-1280x640-1-1024x512.webp\" alt=\"Fotograf\u00eda del adolescente san Carlo Acutis sonriendo a la c\u00e1mara en un entorno hist\u00f3rico, con un puente de piedra y un r\u00edo al fondo, durante un viaje.\" class=\"wp-image-224515\" style=\"width:788px;height:auto\" srcset=\"https:\/\/staging.fundacioncarf.org\/wp-content\/uploads\/2024\/06\/carlo-acutis-1280x640-1-1024x512.webp 1024w, https:\/\/staging.fundacioncarf.org\/wp-content\/uploads\/2024\/06\/carlo-acutis-1280x640-1-300x150.webp 300w, https:\/\/staging.fundacioncarf.org\/wp-content\/uploads\/2024\/06\/carlo-acutis-1280x640-1-150x75.webp 150w, https:\/\/staging.fundacioncarf.org\/wp-content\/uploads\/2024\/06\/carlo-acutis-1280x640-1-768x384.webp 768w, https:\/\/staging.fundacioncarf.org\/wp-content\/uploads\/2024\/06\/carlo-acutis-1280x640-1-18x9.webp 18w, https:\/\/staging.fundacioncarf.org\/wp-content\/uploads\/2024\/06\/carlo-acutis-1280x640-1.webp 1280w\" sizes=\"(max-width: 1024px) 100vw, 1024px\" \/><figcaption class=\"wp-element-caption\">S\u00e3o Carlo Acutis numa imagem que reflecte a sua simplicidade e a alegria de um jovem do nosso tempo.<\/figcaption><\/figure>\n\n\n\n<p><strong>Breve biografia de S\u00e3o Carlo Acutis<\/strong><\/p>\n\n\n\n<p>Este jovem santo faleceu em outubro de 2006, com 15 anos, v\u00edtima de leucemia mieloide aguda, deixando na mem\u00f3ria de todos os que conheceram a sua vida uma profunda admira\u00e7\u00e3o pelo seu testemunho de vida crist\u00e3.<\/p>\n\n\n\n<p>Desde muito cedo, Carlo mostrou uma grande atra\u00e7\u00e3o pela Eucaristia, era um rapaz normal. Desenvolveu v\u00e1rios trabalhos apost\u00f3licos. <\/p>\n\n\n\n<p>Tocava saxofone, jogava futebol e divertia-se a jogar videojogos. Mas fazia tudo isto com uma harmonia absolutamente especial, gra\u00e7as \u00e0 sua grande amizade com Jes\u00fas.<\/p>\n\n\n\n<p>Ele era um grande conhecedor do mundo da inform\u00e1tica. Os seus conhecimentos iam desde a programa\u00e7\u00e3o de computadores \u00e0 edi\u00e7\u00e3o de filmes, cria\u00e7\u00e3o de websites, jornais digitais, e ele usou-os para o seu apostolado.<\/p>\n\n\n\n<p>A sua devo\u00e7\u00e3o crescia diariamente gra\u00e7as \u00e0 Comunh\u00e3o; participava fervorosamente na Santa Missa e rezava diante do Sant\u00edssimo Sacramento. <\/p>\n\n\n\n<p>Se n\u00e3o conseguiu assistir \u00e0 sua canoniza\u00e7\u00e3o, pode faz\u00ea-lo agora, atrav\u00e9s do seguinte v\u00eddeo:<\/p>\n\n\n\n<figure class=\"wp-block-embed is-type-video is-provider-youtube wp-block-embed-youtube wp-embed-aspect-16-9 wp-has-aspect-ratio\"><div class=\"wp-block-embed__wrapper\">\n<iframe loading=\"lazy\" title=\"AO VIVO : Vaticano: Canoniza\u00e7\u00e3o de Carlo Acutis e Pier Giorgio Frassati : Papa Le\u00e3o XIV : 2025\" width=\"500\" height=\"281\" src=\"https:\/\/www.youtube.com\/embed\/9hfZ80xYdzM?feature=oembed\" frameborder=\"0\" allow=\"accelerometer; autoplay; clipboard-write; encrypted-media; gyroscope; picture-in-picture; web-share\" referrerpolicy=\"strict-origin-when-cross-origin\" allowfullscreen><\/iframe>\n<\/div><\/figure>\n\n\n\n<p>O amor de Carlo pela Eucaristia e pela\u00a0<a href=\"https:\/\/staging.fundacioncarf.org\/santa-maria-reina-del-mundo-y-del-cielo\/\" target=\"_blank\" data-type=\"post\" data-id=\"217530\" rel=\"noreferrer noopener\">Virgem Maria<\/a>\u00a0foram os pilares da sua vida. A Virgem Maria era a sua confidente e nunca deixou de a venerar, rezando o Santo Ros\u00e1rio e dedicando-lhe os seus sacrif\u00edcios sob a forma de ren\u00fancias.<\/p>\n\n\n\n<p>Foi assim que viveu <a href=\"https:\/\/es.wikipedia.org\/wiki\/Carlo_Acutis\" target=\"_blank\" rel=\"noopener\">Carlo Acutis<\/a>Na amizade \u00edntima com Jesus, e na sua presen\u00e7a constante, compreendeu que uma vida espiritual aut\u00eantica era necess\u00e1ria para uma a\u00e7\u00e3o mission\u00e1ria eficaz. Quando lhe foi diagnosticada uma leucemia, ofereceu os seus sofrimentos \"pelo Senhor, pelo Papa e pela Igreja\".<\/p>\n\n\n\n<p>Desde 6 de abril de 2019, os restos mortais de Carlo repousam no santu\u00e1rio de Despojo, em Assis. O Papa Francisco proclamou-o beato a 10 de outubro de 2020. E a 7 de setembro de 2025, o Papa Le\u00e3o XIV proclamou-o santo, juntamente com Pier Giorgio Frassati.<\/p>\n\n\n\n<p><strong>Canoniza\u00e7\u00e3o de S\u00e3o Carlo Acutis<\/strong><\/p>\n\n\n\n<p>Acutis, considerado o santo milenar, era<strong> canonizado juntamente com Pier Giorgio Frassati a 7 de setembro<\/strong> 2025 na Pra\u00e7a de S\u00e3o Pedro pelo Papa Le\u00e3o XIV, acompanhado por milhares de pessoas.<\/p>\n\n\n\n<figure class=\"wp-block-image size-large is-resized\"><img decoding=\"async\" width=\"1024\" height=\"602\" src=\"https:\/\/staging.fundacioncarf.org\/wp-content\/uploads\/2025\/10\/carlo-acutis-milagros-con-santos-copia-1024x602.webp\" alt=\"carlo acutis milagros eucar\u00edsticos con santos \" class=\"wp-image-229470\" style=\"aspect-ratio:1.7010504999367169;width:788px;height:auto\" srcset=\"https:\/\/staging.fundacioncarf.org\/wp-content\/uploads\/2025\/10\/carlo-acutis-milagros-con-santos-copia-1024x602.webp 1024w, https:\/\/staging.fundacioncarf.org\/wp-content\/uploads\/2025\/10\/carlo-acutis-milagros-con-santos-copia-300x176.webp 300w, https:\/\/staging.fundacioncarf.org\/wp-content\/uploads\/2025\/10\/carlo-acutis-milagros-con-santos-copia-150x88.webp 150w, https:\/\/staging.fundacioncarf.org\/wp-content\/uploads\/2025\/10\/carlo-acutis-milagros-con-santos-copia-768x452.webp 768w, https:\/\/staging.fundacioncarf.org\/wp-content\/uploads\/2025\/10\/carlo-acutis-milagros-con-santos-copia-1536x903.webp 1536w, https:\/\/staging.fundacioncarf.org\/wp-content\/uploads\/2025\/10\/carlo-acutis-milagros-con-santos-copia-2048x1204.webp 2048w, https:\/\/staging.fundacioncarf.org\/wp-content\/uploads\/2025\/10\/carlo-acutis-milagros-con-santos-copia-18x12.webp 18w, https:\/\/staging.fundacioncarf.org\/wp-content\/uploads\/2025\/10\/carlo-acutis-milagros-con-santos-copia-scaled.webp 2560w\" sizes=\"(max-width: 1024px) 100vw, 1024px\" \/><figcaption class=\"wp-element-caption\">Imagem recriada artificialmente de santos amantes da Sagrada Eucaristia.<\/figcaption><\/figure>\n\n\n\n<hr class=\"wp-block-separator has-alpha-channel-opacity\"\/>\n\n\n\n<div class=\"wp-block-rank-math-toc-block\" id=\"rank-math-toc\"><h2>\u00cdndice<\/h2><nav><div><div><a href=\"#testigo-joven-del-evangelio\">Jovens testemunhas do Evangelho<\/a><\/div><div><a href=\"#la-exposicion-sobre-los-milagros-eucaristicos-de-san-carlo-acutis\">A exposi\u00e7\u00e3o sobre os milagres eucar\u00edsticos de S. Carlo Acutis<\/a><\/div><div><a href=\"#originales-y-fotocopias\">Originais e fotoc\u00f3pias<\/a><div><div><a href=\"#en-las-partes-de-la-misa-que-son-los-milagros-eucaristicos\">O que s\u00e3o os milagres eucar\u00edsticos?<\/a><\/div><\/div><\/div><\/div><\/nav><\/div>\n\n\n\n<hr class=\"wp-block-separator has-alpha-channel-opacity\"\/>","protected":false},"excerpt":{"rendered":"<p>Este estudante italiano chamado Carlo Acutis era um programador inform\u00e1tico amador. Ao longo da sua vida, recolheu milagres eucar\u00edsticos de todo o mundo e catalogou-os num s\u00edtio Web que criou antes de morrer de leucemia.<\/p>","protected":false},"author":4,"featured_media":224514,"comment_status":"closed","ping_status":"closed","sticky":false,"template":"","format":"standard","meta":{"_acf_changed":false,"give_campaign_id":0,"footnotes":""},"categories":[13],"tags":[6,10],"class_list":["post-167779","post","type-post","status-publish","format-standard","has-post-thumbnail","hentry","category-blog","tag-vida-cristiana","tag-vida-de-santos"],"acf":[],"_links":{"self":[{"href":"https:\/\/staging.fundacioncarf.org\/pt\/wp-json\/wp\/v2\/posts\/167779","targetHints":{"allow":["GET"]}}],"collection":[{"href":"https:\/\/staging.fundacioncarf.org\/pt\/wp-json\/wp\/v2\/posts"}],"about":[{"href":"https:\/\/staging.fundacioncarf.org\/pt\/wp-json\/wp\/v2\/types\/post"}],"author":[{"embeddable":true,"href":"https:\/\/staging.fundacioncarf.org\/pt\/wp-json\/wp\/v2\/users\/4"}],"replies":[{"embeddable":true,"href":"https:\/\/staging.fundacioncarf.org\/pt\/wp-json\/wp\/v2\/comments?post=167779"}],"version-history":[{"count":45,"href":"https:\/\/staging.fundacioncarf.org\/pt\/wp-json\/wp\/v2\/posts\/167779\/revisions"}],"predecessor-version":[{"id":229477,"href":"https:\/\/staging.fundacioncarf.org\/pt\/wp-json\/wp\/v2\/posts\/167779\/revisions\/229477"}],"wp:featuredmedia":[{"embeddable":true,"href":"https:\/\/staging.fundacioncarf.org\/pt\/wp-json\/wp\/v2\/media\/224514"}],"wp:attachment":[{"href":"https:\/\/staging.fundacioncarf.org\/pt\/wp-json\/wp\/v2\/media?parent=167779"}],"wp:term":[{"taxonomy":"category","embeddable":true,"href":"https:\/\/staging.fundacioncarf.org\/pt\/wp-json\/wp\/v2\/categories?post=167779"},{"taxonomy":"post_tag","embeddable":true,"href":"https:\/\/staging.fundacioncarf.org\/pt\/wp-json\/wp\/v2\/tags?post=167779"}],"curies":[{"name":"wp","href":"https:\/\/api.w.org\/{rel}","templated":true}]}}