{"id":167713,"date":"2025-03-04T13:30:00","date_gmt":"2025-03-04T12:30:00","guid":{"rendered":"https:\/\/carfundacion.roymo.info\/blog\/miercoles-de-ceniza-cuando-es-que-se-celebra-y-su-significado\/"},"modified":"2025-03-04T13:19:20","modified_gmt":"2025-03-04T12:19:20","slug":"miercoles-de-ceniza-que-se-celebra-y-significado","status":"publish","type":"post","link":"https:\/\/staging.fundacioncarf.org\/pt\/miercoles-de-ceniza-que-se-celebra-y-significado\/","title":{"rendered":"Quarta-feira de Cinzas: quando \u00e9, o que \u00e9, o que \u00e9 e o que significa?"},"content":{"rendered":"<div class=\"et_pb_section et_pb_section_21 et_section_regular\">\n<div class=\"et_pb_row et_pb_row_153\">\n<div class=\"et_pb_column et_pb_column_3_5 et_pb_column_395  et_pb_css_mix_blend_mode_passthrough\">\n<div class=\"et_pb_module et_pb_text et_pb_text_138  et_pb_text_align_left et_pb_bg_layout_light\">\n<div class=\"et_pb_text_inner\">\n<p style=\"text-align: center;\">\"Lembre-se que voc\u00ea \u00e9 p\u00f3, e ao p\u00f3 voc\u00ea deve voltar\".<\/p>\n<p>A imposi\u00e7\u00e3o das cinzas lembra-nos que a nossa vida na terra \u00e9 fugaz e que a nossa vida final \u00e9 no C\u00e9u.<\/p>\n<h3>Quando \u00e9 a Quarta-feira de Cinzas?<\/h3>\n<p>O <a href=\"https:\/\/opusdei.org\/es-es\/article\/preguntas-cuaresma-jesucristo-iglesia\/\" target=\"_blank\" rel=\"noopener\"><strong>Quaresma<\/strong> <\/a>\u00e9 um per\u00edodo de quarenta dias, que <strong>come\u00e7a com a Quarta-feira de Cinzas<\/strong> y <strong>termina na Quinta-feira Santa, antes da<em> Missa in coena Domini<\/em> (a Ceia do Senhor), com a qual se inicia o Tr\u00edduo Pascal.<\/strong>\u00a0Este \u00e9 um <strong>tempo de ora\u00e7\u00e3o, penit\u00eancia e jejum<\/strong>. Quarenta dias que a Igreja marca para a convers\u00e3o do cora\u00e7\u00e3o.<\/p>\n<p>Esta festa crist\u00e3 tem a singularidade de mudar a sua data todos os anos, \u00e9 condicionada pela P\u00e1scoa e <strong>Ressurrei\u00e7\u00e3o do Senhor, que \u00e9 a celebra\u00e7\u00e3o que marca todo o calend\u00e1rio lit\u00fargico.<\/strong>. Pode ter lugar entre 4 de Fevereiro e 10 de Mar\u00e7o. \u00c9 sempre celebrado numa quarta-feira.<\/p>\n<\/div>\n<\/div>\n<\/div>\n<\/div>\n<div class=\"et_pb_row et_pb_row_154\">\n<div class=\"et_pb_column et_pb_column_3_5 et_pb_column_398  et_pb_css_mix_blend_mode_passthrough\">\n<div class=\"et_pb_module et_pb_image et_pb_image_17\">\n<p><\/p>\n<figure class=\"wp-block-image size-large\"><img decoding=\"async\" width=\"439\" height=\"1024\" class=\"wp-image-177232 aligncenter\" src=\"https:\/\/staging.fundacioncarf.org\/wp-content\/uploads\/2023\/02\/Ano-liturgico-miercoles-de-ceniza-768x1920.jpg-e1741088743413-439x1024.webp\" alt=\"\" srcset=\"https:\/\/staging.fundacioncarf.org\/wp-content\/uploads\/2023\/02\/Ano-liturgico-miercoles-de-ceniza-768x1920.jpg-e1741088743413-439x1024.webp 439w, https:\/\/staging.fundacioncarf.org\/wp-content\/uploads\/2023\/02\/Ano-liturgico-miercoles-de-ceniza-768x1920.jpg-e1741088743413-129x300.webp 129w, https:\/\/staging.fundacioncarf.org\/wp-content\/uploads\/2023\/02\/Ano-liturgico-miercoles-de-ceniza-768x1920.jpg-e1741088743413-64x150.webp 64w, https:\/\/staging.fundacioncarf.org\/wp-content\/uploads\/2023\/02\/Ano-liturgico-miercoles-de-ceniza-768x1920.jpg-e1741088743413-658x1536.webp 658w, https:\/\/staging.fundacioncarf.org\/wp-content\/uploads\/2023\/02\/Ano-liturgico-miercoles-de-ceniza-768x1920.jpg-e1741088743413-5x12.webp 5w, https:\/\/staging.fundacioncarf.org\/wp-content\/uploads\/2023\/02\/Ano-liturgico-miercoles-de-ceniza-768x1920.jpg-e1741088743413.webp 768w\" sizes=\"(max-width: 439px) 100vw, 439px\" \/><\/figure>\n<h3><span style=\"color: revert; font-size: revert; font-weight: revert;\">Significado da Quarta-feira de Cinzas<\/span><\/h3>\n<\/div>\n<\/div>\n<\/div>\n<div class=\"et_pb_row et_pb_row_155\">\n<div class=\"et_pb_column et_pb_column_3_5 et_pb_column_401  et_pb_css_mix_blend_mode_passthrough\">\n<div class=\"et_pb_module et_pb_text et_pb_text_139  et_pb_text_align_left et_pb_bg_layout_light\">\n<div class=\"et_pb_text_inner\">\n<p>Receber as cinzas destina-se a lembrar-nos da nossa origem,\"<em>Lembre-se que voc\u00ea \u00e9 p\u00f3 e ao p\u00f3 voc\u00ea deve voltar<\/em>\". Com um sentido simb\u00f3lico de morte, expira\u00e7\u00e3o, humildade e penit\u00eancia, <strong>as cinzas ajudam-nos a olhar para dentro de n\u00f3s pr\u00f3prios<\/strong>.<\/p>\n<p>Este olhar para o seu interior, de reconhecer os seus erros e querer rectific\u00e1-los, entra na din\u00e2mica das duas palavras-chave da Quaresma. Ao reconhecer os nossos pecados, <strong>lamentamo-lo<\/strong> e querendo mud\u00e1-los, <strong>n\u00f3s tornamo-nos.<\/strong><\/p>\n<p>\u00c9 um dia de luz na vida de um crist\u00e3o que nos permite reconhecer que somos fracos e que precisamos da Paix\u00e3o, Morte e Ressurrei\u00e7\u00e3o de Jesus para podermos viver juntos com Ele no Reino dos C\u00e9us.<\/p>\n<h3>Porque \u00e9 que eles nos imp\u00f5em cinzas?<\/h3>\n<p>Na Igreja esta tradi\u00e7\u00e3o tem sobrevivido desde o s\u00e9culo IX e existe para nos lembrar que no fim das nossas vidas, <strong>levaremos connosco apenas o que fizemos por Deus e por outros homens.<\/strong>.<\/p>\n<p>O <a href=\"https:\/\/staging.fundacioncarf.org\/es\/la-cuaresma-significado-definicion-oraciones\/\">Quarta-feira<\/a> Na Quarta-feira de Cinzas, o sacerdote tra\u00e7a o sinal da cruz com cinzas na nossa testa para simbolizar a penit\u00eancia e o arrependimento, enquanto repete as palavras de imposi\u00e7\u00e3o de cinzas que s\u00e3o inspiradas pelas Sagradas Escrituras:<\/p>\n<ul>\n<li>\"Lembre-se que voc\u00ea \u00e9 p\u00f3, e ao p\u00f3 voc\u00ea deve voltar\". <em>G\u00e9nesis, 3, 19<\/em><\/li>\n<li>\"O tempo est\u00e1 cumprido, e o reino de Deus est\u00e1 pr\u00f3ximo; arrependei-vos, e crede no evangelho\". <em>Marca 1,15<\/em><\/li>\n<\/ul>\n<p>Estas palavras servem para nos lembrar que o nosso lugar final \u00e9 no C\u00e9u. Eles destinam-se a mergulhar-nos mais intensamente no mist\u00e9rio pascal de Jesus, na sua morte e ressurrei\u00e7\u00e3o, atrav\u00e9s da participa\u00e7\u00e3o na Eucaristia e na vida de caridade.<\/p>\n<p><strong>As cinzas<\/strong> s\u00e3o os restos do que foi consumido, dos buqu\u00eas aben\u00e7oados no Domingo de Paix\u00e3o do ano anterior. <strong>Um sinal que nos lembra a nossa proximidade ao pecado<\/strong>.<\/p>\n<p>Tamb\u00e9m se pode olhar para si pr\u00f3prio no fogo que produziu aquelas cinzas. Que <strong>o fogo \u00e9 amor divino<\/strong> e a <strong>Quaresma<\/strong>surge, como aquele fogo que arde sob as cinzas: <strong>este \u00e9 um lembrete da presen\u00e7a de Deus nas nossas vidas.<\/strong>\u00e9 a realiza\u00e7\u00e3o de que Deus, atrav\u00e9s de Cristo, se faz pobre para o enriquecimento da nossa vida atrav\u00e9s da sua pobreza.<\/p>\n<p>Come\u00e7a um tempo de prepara\u00e7\u00e3o e de purifica\u00e7\u00e3o do cora\u00e7\u00e3o. Um caminho para atingir o objetivo de se encher do amor de Deus.<\/p>\n<\/div>\n<\/div>\n<\/div>\n<\/div>\n<div class=\"et_pb_row et_pb_row_157\">\n<div class=\"et_pb_column et_pb_column_3_5 et_pb_column_407  et_pb_css_mix_blend_mode_passthrough\">\n<div class=\"et_pb_module et_pb_text et_pb_text_141  et_pb_text_align_left et_pb_bg_layout_light\">\n<div class=\"et_pb_text_inner\">\n<h3>O que \u00e9 celebrado na Quarta-feira de Cinzas?<\/h3>\n<p><strong>Quarta-Feira de Cinzas<\/strong>\u00c9 um banquete de arrependimento, de penit\u00eancia, mas acima de tudo de convers\u00e3o. \u00c9 o <strong>in\u00edcio da viagem quaresmal, para acompanhar Jesus desde o seu deserto at\u00e9 ao dia do seu triunfo no Domingo de P\u00e1scoa.<\/strong>.<\/p>\n<figure id=\"attachment_130507\" aria-describedby=\"caption-attachment-130507\" style=\"width: 720px\" class=\"wp-caption alignnone\"><img decoding=\"async\" class=\"wp-image-130507\" title=\"quarta-feira de cinzas\" src=\"https:\/\/staging.fundacioncarf.org\/wp-content\/uploads\/2023\/02\/miercoles-de-cenizas.jpg\" sizes=\"(min-width: 0px) and (max-width: 480px) 480px, (min-width: 481px) 720px, 100vw\" srcset=\"https:\/\/staging.fundacioncarf.org\/wp-content\/uploads\/2023\/02\/miercoles-de-cenizas.jpg 720w, https:\/\/staging.fundacioncarf.org\/wp-content\/uploads\/2023\/02\/miercoles-de-cenizas.jpg 480w\" alt=\"Que se celebra el mi\u00e9rcoles de ceniza\" width=\"720\" height=\"479\" \/><figcaption id=\"caption-attachment-130507\" class=\"wp-caption-text\">O Papa Francisco quando era Cardeal de Buenos Aires, Argentina, em fevereiro de 2013. Celebrando a Santa Missa na Quarta-feira de Cinzas na Catedral Metropolitana (por Filippo Fiorini, Pangea News).<\/figcaption><\/figure>\n<p>Deve ser um momento para reflectir sobre a nossa vida, para compreender para onde vamos, para analisar como nos estamos a comportar com os nossos <a href=\"https:\/\/staging.fundacioncarf.org\/es\/familia-cristiana-amoris-laetitia\/\">fam\u00edlia<\/a> e, em geral, com todos os seres que nos rodeiam.<\/p>\n<p>Neste momento, enquanto refletimos sobre as nossas vidas, devemos a partir de agora transformar as nossas vidas num seguimento de Jesus, aprofundando a nossa compreens\u00e3o da sua mensagem de amor e <strong>aproxima\u00e7\u00e3o do Sacramento da Reconcilia\u00e7\u00e3o durante este tempo quaresmal<\/strong>.<\/p>\n<p>Esta Reconcilia\u00e7\u00e3o com Deus \u00e9 feita de Arrependimento, Confiss\u00e3o dos nossos pecados, Penit\u00eancia e finalmente Convers\u00e3o:<\/p>\n<ul>\n<li>O <strong>arrependimento<\/strong> deve ser sincero e \u00e9 bom que comece com o Exame de Consci\u00eancia.<\/li>\n<li>O <strong>confiss\u00e3o<\/strong> dos nossos pecados \u00e9 expressa pelo sacerdote no sacramento da confiss\u00e3o.<\/li>\n<li>O <strong>penit\u00eancia <\/strong>A primeira coisa que devemos fazer \u00e9, naturalmente, a ordem do padre, mas devemos continuar com a ora\u00e7\u00e3o, que \u00e9 a comunica\u00e7\u00e3o \u00edntima com Deus, e com o jejum, que representa a ren\u00fancia.<\/li>\n<li>Finalmente, o <strong>Convers\u00e3o<\/strong> que representa o seguinte de Jesus. Recordar a palavra de Jesus, ouvir, ler o Evangelho, meditar sobre ele e acreditar nele. Transmitindo a sua mensagem com as nossas ac\u00e7\u00f5es e as nossas palavras.<\/li>\n<\/ul>\n<\/div>\n<\/div>\n<\/div>\n<\/div>\n<div class=\"et_pb_row et_pb_row_158\">\n<div class=\"et_pb_column et_pb_column_1_3 et_pb_column_410  et_pb_css_mix_blend_mode_passthrough\">\n<div class=\"et_pb_module et_pb_text et_pb_text_142 frase-destacada  et_pb_text_align_left et_pb_bg_layout_light\">\n<div class=\"et_pb_text_inner\">\n<p>Em mem\u00f3ria do dia em que Jesus Cristo morreu na Santa Cruz, \"todas as sextas-feiras, a menos que coincida com uma solenidade, a abstin\u00eancia da carne, ou outro alimento determinado pela Confer\u00eancia Episcopal, deve ser observada; o jejum e a abstin\u00eancia devem ser observados na Quarta-Feira de Cinzas e na Sexta-Feira Santa\". <em>C\u00f3digo de Direito Can\u00f3nico, c\u00e2non 1251<\/em><\/p>\n<\/div>\n<\/div>\n<\/div>\n<\/div>\n<div class=\"et_pb_row et_pb_row_159\">\n<div class=\"et_pb_column et_pb_column_3_5 et_pb_column_413  et_pb_css_mix_blend_mode_passthrough\">\n<div class=\"et_pb_module et_pb_text et_pb_text_143  et_pb_text_align_left et_pb_bg_layout_light\">\n<div class=\"et_pb_text_inner\">\n<h3>Jejum e abstin\u00eancia na Quarta-feira de Cinzas<\/h3>\n<p>Para viver este tempo da melhor maneira poss\u00edvel, <strong>a Igreja prop\u00f5e tr\u00eas actividades chave, destinadas a promover o crescimento espiritual e a mortifica\u00e7\u00e3o interior:<\/strong> ora\u00e7\u00e3o, abstin\u00eancia e jejum. Estas tr\u00eas formas de penit\u00eancia demonstram uma inten\u00e7\u00e3o de se reconciliar com Deus, consigo pr\u00f3prio e com os outros.<\/p>\n<p>Quarta-feira de cinzas e Sexta-feira Santa s\u00e3o dias de jejum e abstin\u00eancia:<\/p>\n<ul>\n<li>O <strong>jejum<\/strong> consiste em apenas uma refei\u00e7\u00e3o principal por dia.<\/li>\n<li>O <strong>abstin\u00eancia<\/strong> n\u00e3o \u00e9 comer carne, \u00e9 obrigat\u00f3rio a partir dos 14 anos de idade e jejum a partir dos 18 anos at\u00e9 aos 59 anos de idade.<\/li>\n<\/ul>\n<p>Esta \u00e9 uma forma de pedir perd\u00e3o a Deus por O ter ofendido e dizer-Lhe que queremos mudar as nossas vidas para Lhe agradar sempre.<\/p>\n<h3>Fazer sacrif\u00edcios<\/h3>\n<p>Cujo significado \u00e9 \"<em>tornar as coisas sagradas<\/em>\"Temos de <strong>fa\u00e7a-os com alegria<\/strong>Pois \u00e9 por amor de Deus. Se n\u00e3o o fizermos, causaremos piedade e compaix\u00e3o e perderemos a felicidade eterna. <strong>Deus \u00e9 aquele que v\u00ea o nosso sacrif\u00edcio do c\u00e9u e \u00e9 aquele que nos recompensar\u00e1.<\/strong>.<\/p>\n<p>\"Quando jejuares, n\u00e3o fiques triste, como fazem os hip\u00f3critas, que desfiguram os seus rostos para que os homens possam ver que jejuam; em verdade vos digo que j\u00e1 receberam a sua recompensa. Tu quando jejuares, unge a tua cabe\u00e7a e lava o teu rosto, para que os homens n\u00e3o vejam que jejuas, mas o teu Pai que est\u00e1 em segredo: e o teu Pai que v\u00ea em segredo recompensar-te-\u00e1. \" <em>Mt 6,6<\/em>\"<\/p>\n<p>Por outro lado, h\u00e1 o jejum, que visa ganhar dom\u00ednio sobre os nossos instintos, a fim de libertar o nosso cora\u00e7\u00e3o.<\/p>\n<p>Como Jesus disse: \"O homem n\u00e3o vive s\u00f3 de p\u00e3o, mas de cada palavra que vem da boca de Deus. Aprender a p\u00f4r de lado aquilo que queremos comer ou beber, para dar lugar a Deus nas nossas vidas, \u00e9 outra excelente forma de viver a Quaresma\". <em>Catecismo da Igreja Cat\u00f3lica 2043<\/em><\/p>\n<h3>Esmola<\/h3>\n<p>Nesta altura, a Igreja prop\u00f5e-lhe uma outra pr\u00e1tica de generosidade e de desprendimento, a esmola. <strong>\u00c9 a ren\u00fancia volunt\u00e1ria de v\u00e1rias satisfa\u00e7\u00f5es mundanas.<\/strong> com a inten\u00e7\u00e3o de agradar a Deus e com caridade para com o nosso pr\u00f3ximo. Sabendo p\u00f4r de lado o nosso vizinho acima das coisas materiais, restabelece a ordem natural dentro de n\u00f3s.<\/p>\n<h3>Ora\u00e7\u00e3o para a Quarta-feira de Cinzas<\/h3>\n<p>O <strong>A ora\u00e7\u00e3o de cora\u00e7\u00e3o aberto \u00e9 a melhor prepara\u00e7\u00e3o para a P\u00e1scoa<\/strong>. A ora\u00e7\u00e3o abre o nosso cora\u00e7\u00e3o \u00e0 presen\u00e7a do Pai. Ela permite-nos reconhecer a pequenez do nosso ser e compreender a necessidade de Deus na nossa pr\u00f3pria exist\u00eancia.<\/p>\n<p>Di\u00e1logo constante com Deus, medita\u00e7\u00e3o consciente sobre a Sua palavra, <strong>\u00e9 a rela\u00e7\u00e3o pessoal a que todo crist\u00e3o deve aspirar<\/strong>. Ela cresce mais forte como resultado da rela\u00e7\u00e3o que se estabelece ao falar com Ele.<\/p>\n<p>A ora\u00e7\u00e3o \u00e9 a v\u00e1lvula que oxigena a alma. \u00c9 o encontro com o amor incondicional que \u00e9 Cristo.<\/p>\n<p>Somos o barro do pecado, mas o p\u00f3 das cinzas convida-nos a converter-nos e a crer no Evangelho, colocando tudo nas m\u00e3os do Senhor e n\u00e3o nas nossas pr\u00f3prias m\u00e3os, pois s\u00f3 Ele nos livra da morte e da corrup\u00e7\u00e3o da nossa vida.<\/p>\n<\/div>\n<\/div>\n<\/div>\n<\/div>\n<\/div>\n\n\n<hr class=\"wp-block-separator has-alpha-channel-opacity\"\/>\n\n\n\n<p><strong>Bibliografia:<\/strong><\/p>\n\n\n\n<p>Catholic.net<br><a href=\"https:\/\/opusdei.org\/es-es\/\" data-type=\"link\" data-id=\"https:\/\/opusdei.org\/es-es\/\" target=\"_blank\" rel=\"noopener\">Opus Dei.org&nbsp;<\/a><br>Catecismo da Igreja Cat\u00f3lica<br>Not\u00edcias do Vaticano<\/p>","protected":false},"excerpt":{"rendered":"<p>Todos os cat\u00f3licos s\u00e3o chamados a viver os pr\u00f3ximos quarenta dias em profunda reflex\u00e3o. Com a Quarta-feira de Cinzas, entramos numa atmosfera de arrependimento e convers\u00e3o.<\/p>","protected":false},"author":4,"featured_media":214083,"comment_status":"closed","ping_status":"closed","sticky":false,"template":"","format":"standard","meta":{"_acf_changed":false,"give_campaign_id":0,"footnotes":""},"categories":[13],"tags":[11,6],"class_list":["post-167713","post","type-post","status-publish","format-standard","has-post-thumbnail","hentry","category-blog","tag-cuaresma","tag-vida-cristiana"],"acf":[],"_links":{"self":[{"href":"https:\/\/staging.fundacioncarf.org\/pt\/wp-json\/wp\/v2\/posts\/167713","targetHints":{"allow":["GET"]}}],"collection":[{"href":"https:\/\/staging.fundacioncarf.org\/pt\/wp-json\/wp\/v2\/posts"}],"about":[{"href":"https:\/\/staging.fundacioncarf.org\/pt\/wp-json\/wp\/v2\/types\/post"}],"author":[{"embeddable":true,"href":"https:\/\/staging.fundacioncarf.org\/pt\/wp-json\/wp\/v2\/users\/4"}],"replies":[{"embeddable":true,"href":"https:\/\/staging.fundacioncarf.org\/pt\/wp-json\/wp\/v2\/comments?post=167713"}],"version-history":[{"count":11,"href":"https:\/\/staging.fundacioncarf.org\/pt\/wp-json\/wp\/v2\/posts\/167713\/revisions"}],"predecessor-version":[{"id":214080,"href":"https:\/\/staging.fundacioncarf.org\/pt\/wp-json\/wp\/v2\/posts\/167713\/revisions\/214080"}],"wp:featuredmedia":[{"embeddable":true,"href":"https:\/\/staging.fundacioncarf.org\/pt\/wp-json\/wp\/v2\/media\/214083"}],"wp:attachment":[{"href":"https:\/\/staging.fundacioncarf.org\/pt\/wp-json\/wp\/v2\/media?parent=167713"}],"wp:term":[{"taxonomy":"category","embeddable":true,"href":"https:\/\/staging.fundacioncarf.org\/pt\/wp-json\/wp\/v2\/categories?post=167713"},{"taxonomy":"post_tag","embeddable":true,"href":"https:\/\/staging.fundacioncarf.org\/pt\/wp-json\/wp\/v2\/tags?post=167713"}],"curies":[{"name":"wp","href":"https:\/\/api.w.org\/{rel}","templated":true}]}}