{"id":216500,"date":"2025-06-16T06:00:00","date_gmt":"2025-06-16T04:00:00","guid":{"rendered":"https:\/\/staging.fundacioncarf.org\/?p=216500"},"modified":"2025-10-13T17:43:40","modified_gmt":"2025-10-13T15:43:40","slug":"patejuk-sacerdote-polonia-fundacion-carf","status":"publish","type":"post","link":"https:\/\/staging.fundacioncarf.org\/pl\/patejuk-sacerdote-polonia-fundacion-carf\/","title":{"rendered":"Krzysztof Patejuk, polski ksi\u0105dz zakochany w Hiszpanii"},"content":{"rendered":"<p>Polska jest krajem, kt\u00f3ry pozostaje latarni\u0105 dla katolicyzmu, ale stoi przed powa\u017cnymi wyzwaniami w obliczu <a href=\"https:\/\/staging.fundacioncarf.org\/servir-a-la-iglesia\/\" data-type=\"link\" data-id=\"https:\/\/staging.fundacioncarf.org\/servir-a-la-iglesia\/\">wyzwania, kt\u00f3re sprawiaj\u0105, \u017ce Ko\u015bci\u00f3\u0142<\/a> ma do odegrania jeszcze bardziej dalekosi\u0119\u017cn\u0105 rol\u0119. Najbardziej oczywista jest wojna mi\u0119dzy Rosj\u0105 a Ukrain\u0105, kt\u00f3ra szaleje wzd\u0142u\u017c ich granicy i zagro\u017cenie<br>mo\u017cliwej inwazji na jego terytorium. W mi\u0119dzyczasie i w trakcie eskalacji zbroje\u0144, Ko\u015bci\u00f3\u0142 katolicki w <a href=\"https:\/\/staging.fundacioncarf.org\/peregrinaciones-roma-tierra-santa-fundacion-carf\/peregrina-polonia-san-juan-pablo\/\" data-type=\"link\" data-id=\"https:\/\/staging.fundacioncarf.org\/peregrinaciones-roma-tierra-santa-fundacion-carf\/peregrina-polonia-san-juan-pablo\/\">Polska<\/a> ma dwa g\u0142\u00f3wne fronty, z kt\u00f3rych <strong>Ksi\u0105dz Krzysztof Patejuk rozmawia z Fundacj\u0105 CARF.<\/strong>.<\/p>\n\n\n\n<p><strong>Rola kap\u0142ana<\/strong> Rola ksi\u0119dza jest fundamentalna w czasach kryzysu. Z jednej strony podkre\u015bla on przyj\u0119cie, jakie uda\u0142o si\u0119 zapewni\u0107 setkom tysi\u0119cy ukrai\u0144skich uchod\u017ac\u00f3w. \"Wyzwaniem dla Ko\u015bcio\u0142a jest opieka duszpasterska i spo\u0142eczna nad tymi lud\u017ami, a jak dot\u0105d instytucje ko\u015bcielne sprosta\u0142y temu zadaniu\", m\u00f3wi. Z drugiej strony podkre\u015bla wyzwanie, jakim jest tradycyjnie katolicki kraj, kt\u00f3ry obecnie do\u015bwiadcza do\u015b\u0107 szybkiego procesu sekularyzacji, zw\u0142aszcza w\u015br\u00f3d m\u0142odych ludzi\".<\/p>\n\n\n\n<figure class=\"wp-block-image size-full\"><img decoding=\"async\" width=\"800\" height=\"773\" src=\"https:\/\/staging.fundacioncarf.org\/wp-content\/uploads\/2025\/06\/krysztof-sacerdote-polaco-celebracion.webp\" alt=\"Krysztof Patejuk, sacerdote polaco con una estola morada estrechando la mano de un hombre vestido de civil, mientras otros dos hombres vestidos con sotanas blancas observan. Uno de ellos sostiene un micr\u00f3fono. La escena tiene lugar dentro de una iglesia.\" class=\"wp-image-216504\" srcset=\"https:\/\/staging.fundacioncarf.org\/wp-content\/uploads\/2025\/06\/krysztof-sacerdote-polaco-celebracion.webp 800w, https:\/\/staging.fundacioncarf.org\/wp-content\/uploads\/2025\/06\/krysztof-sacerdote-polaco-celebracion-300x290.webp 300w, https:\/\/staging.fundacioncarf.org\/wp-content\/uploads\/2025\/06\/krysztof-sacerdote-polaco-celebracion-150x145.webp 150w, https:\/\/staging.fundacioncarf.org\/wp-content\/uploads\/2025\/06\/krysztof-sacerdote-polaco-celebracion-768x742.webp 768w, https:\/\/staging.fundacioncarf.org\/wp-content\/uploads\/2025\/06\/krysztof-sacerdote-polaco-celebracion-12x12.webp 12w\" sizes=\"(max-width: 800px) 100vw, 800px\" \/><figcaption class=\"wp-element-caption\">Witamy od don <strong>Krzysztof <\/strong>i parafianin podczas uroczysto\u015bci ko\u015bcielnej.<\/figcaption><\/figure>\n\n\n\n<h2 class=\"wp-block-heading\" id=\"como-transmitir-la-fe-a-los-jovenes-de-polonia\">Przekazywanie wiary m\u0142odym ludziom w Polsce<\/h2>\n\n\n\n<p>On sam to reprezentuje <a href=\"https:\/\/staging.fundacioncarf.org\/oracion-formacion-espiritual-sacerdote-clave\/\">m\u0142odzie\u017c, kt\u00f3ra dorasta\u0142a w \u015brodowisku katolickim<\/a>Dlatego jest dobrze \u015bwiadomy duchowych potrzeb swojego pokolenia. Pod tym wzgl\u0119dem ojciec Patejuk przyznaje, \u017ce przekazywanie wiary przysz\u0142o w jego domu bardzo naturalnie. <\/p>\n\n\n\n<p>\"Od dziecka uczestniczy\u0142em w niedzielnej Eucharystii z rodzicami i bratem, modlili\u015bmy si\u0119 razem w domu i uczestniczyli\u015bmy w celebracjach liturgicznych tamtych czas\u00f3w.<strong> Moi rodzice zawsze wspierali mnie w s\u0142u\u017cbie jako ministrant i na letnich rekolekcjach.<\/strong> Ale przede wszystkim stworzyli atmosfer\u0119 mi\u0142o\u015bci, wsparcia i wolno\u015bci, kt\u00f3ra pozwoli\u0142a mi odnale\u017a\u0107 w\u0142asn\u0105 drog\u0119 wiary\" - m\u00f3wi. <strong>ksi\u0105dz z Polski<\/strong>.<\/p>\n\n\n\n<p>Od dzieci\u0144stwa zawsze chcia\u0142 by\u0107 dziennikarzem, poniewa\u017c pasjonowa\u0142 si\u0119 literatur\u0105 i mediami. Rozpocz\u0105\u0142 nawet karier\u0119 dziennikarsk\u0105, ale B\u00f3g mia\u0142 wobec niego inne plany i po roku studi\u00f3w oraz g\u0142\u0119bokim procesie rozeznawania zda\u0142 sobie spraw\u0119, \u017ce jego prawdziw\u0105 drog\u0105 jest seminarium duchowne.<\/p>\n\n\n\n<figure class=\"wp-block-image size-large\"><img decoding=\"async\" width=\"682\" height=\"1024\" src=\"https:\/\/staging.fundacioncarf.org\/wp-content\/uploads\/2025\/06\/krysztof-sacerdote-polaco-pastoral-682x1024.webp\" alt=\"Cuatro ni\u00f1os y un sacerodte polaco vestidos con t\u00fanicas lit\u00fargicas blancas y doradas dentro de una iglesia. Los ni\u00f1os llevan cruces al cuello y el sacerdote lleva una estola. Al fondo se ven arcos de ladrillo y un altar con un crucifijo.\" class=\"wp-image-216503\" srcset=\"https:\/\/staging.fundacioncarf.org\/wp-content\/uploads\/2025\/06\/krysztof-sacerdote-polaco-pastoral-682x1024.webp 682w, https:\/\/staging.fundacioncarf.org\/wp-content\/uploads\/2025\/06\/krysztof-sacerdote-polaco-pastoral-200x300.webp 200w, https:\/\/staging.fundacioncarf.org\/wp-content\/uploads\/2025\/06\/krysztof-sacerdote-polaco-pastoral-100x150.webp 100w, https:\/\/staging.fundacioncarf.org\/wp-content\/uploads\/2025\/06\/krysztof-sacerdote-polaco-pastoral-768x1153.webp 768w, https:\/\/staging.fundacioncarf.org\/wp-content\/uploads\/2025\/06\/krysztof-sacerdote-polaco-pastoral-8x12.webp 8w, https:\/\/staging.fundacioncarf.org\/wp-content\/uploads\/2025\/06\/krysztof-sacerdote-polaco-pastoral.webp 800w\" sizes=\"(max-width: 682px) 100vw, 682px\" \/><figcaption class=\"wp-element-caption\">Grupa m\u0142odych ministrant\u00f3w i Krzysztof Patejuk w swojej parafii.<\/figcaption><\/figure>\n\n\n\n<h2 class=\"wp-block-heading\" id=\"una-experiencia-intelectual-maravillosa\">Wspania\u0142e do\u015bwiadczenie intelektualne<\/h2>\n\n\n\n<p>Don Krzysztof <strong>opisuje swoje powo\u0142anie do zostania ksi\u0119dzem<\/strong> ze s\u0142owami, kt\u00f3re z wielk\u0105 jasno\u015bci\u0105 ujawniaj\u0105 g\u0142\u0119bok\u0105 wewn\u0119trzn\u0105 walk\u0119, kt\u00f3rej do\u015bwiadczy\u0142: <strong>\"B\u00f3g przem\u00f3wi\u0142 do mnie w bardzo silny spos\u00f3b. Po zdaniu letnich egzamin\u00f3w na uniwersytecie poczu\u0142em w sercu, jak p\u0142onie ogie\u0144<\/strong>Wezwanie do wst\u0105pienia do seminarium i zostania ksi\u0119dzem.<\/p>\n\n\n\n<p>D\u0142ugo si\u0119 opiera\u0142em, poniewa\u017c spe\u0142nia\u0142em swoje marzenia i mia\u0142em dziewczyn\u0119. Ale w ko\u0144cu B\u00f3g przem\u00f3wi\u0142 do mnie przez fragment z proroka Jeremiasza, kt\u00f3ry doskonale opisywa\u0142 moj\u0105 wewn\u0119trzn\u0105 walk\u0119 tamtego lata: \"Uwiod\u0142e\u015b mnie, Panie, a ja da\u0142em si\u0119 uwie\u015b\u0107; zmusi\u0142e\u015b mnie i pokona\u0142e\u015b...\" W moim sercu by\u0142 jak p\u0142on\u0105cy ogie\u0144, zamkni\u0119ty w moich ko\u015bciach; stara\u0142em si\u0119 go powstrzyma\u0107, ale nie mog\u0142em. Podda\u0142em si\u0119 Jego woli i wst\u0105pi\u0142em do seminarium, czego nie \u017ca\u0142uj\u0119.<\/p>\n\n\n\n<p>Krzysztof Patejuk studiowa\u0142 prawo kanoniczne na Uniwersytecie Nawarry w Pampelunie, z kt\u00f3rego, jak sam przyznaje, wyni\u00f3s\u0142 \"wspania\u0142e do\u015bwiadczenie na poziomie intelektualnym\".<\/p>\n\n\n\n<p>W Pampelunie, jak m\u00f3wi, nie tylko nauczono go prawa, ale jego nauczyciele sprawili, \u017ce je pokocha\u0142, co dzi\u015b jest ogromn\u0105 pomoc\u0105 w jego pracy jako s\u0119dziego w s\u0105dzie ko\u015bcielnym polskiej archidiecezji warmi\u0144skiej.<\/p>\n\n\n\n<p>\"By\u0142 to czas wielkiego bogactwa duchowego i duszpasterskiego, ze wzgl\u0119du na m\u00f3j kontakt z kolegami z ca\u0142ego \u015bwiata i ze wzgl\u0119du na moj\u0105 pos\u0142ug\u0119 w parafii \u015bw. <a href=\"https:\/\/staging.fundacioncarf.org\/fiesta-arcangeles-miguel-gabriel-y-rafael-29-sep\/\" data-type=\"link\" data-id=\"https:\/\/staging.fundacioncarf.org\/fiesta-arcangeles-miguel-gabriel-y-rafael-29-sep\/\">\u015awi\u0119ty Micha\u0142 Archanio\u0142<\/a>. Ten czas pozwoli\u0142 mi pog\u0142\u0119bi\u0107 moj\u0105 wiar\u0119 i mi\u0142o\u015b\u0107 do Ko\u015bcio\u0142a\" - dodaje z przekonaniem.<\/p>\n\n\n\n<p>Dzi\u015b otrzymane szkolenie ma fundamentalne znaczenie dla diecezji, z kt\u00f3rej pochodz\u0105. Wyr\u00f3\u017cnia si\u0119 nie tylko wymiar akademicki, ale tak\u017ce ludzki. W ten spos\u00f3b ojciec Patejuk wyja\u015bnia, \u017ce <strong>\"Mi\u0142o\u015b\u0107 do prawa, kt\u00f3r\u0105 przekazali mi profesorowie, u\u0142atwia mi prowadzenie trudnych spraw o uniewa\u017cnienie ma\u0142\u017ce\u0144stwa w spos\u00f3b humanitarny i sprawiedliwy.<\/strong> Dowiedzia\u0142em si\u0119 r\u00f3wnie\u017c, \u017ce to zadanie nie jest tylko administracyjne, ale g\u0142\u0119boko duszpasterskie\".<\/p>\n\n\n\n<figure class=\"wp-block-image size-large\"><img decoding=\"async\" width=\"1024\" height=\"681\" src=\"https:\/\/staging.fundacioncarf.org\/wp-content\/uploads\/2025\/06\/krysztof-sacerdote-polaco-enamorado-de-espana-1024x681.webp\" alt=\"Krisztof Patejuk, con gafas, vestido con una sotana negra y cuello romano, de pie frente a una pared blanca con un logotipo azul de una paloma y el texto &quot;SOLI DEO OMNIA&quot;.\" class=\"wp-image-216505\" srcset=\"https:\/\/staging.fundacioncarf.org\/wp-content\/uploads\/2025\/06\/krysztof-sacerdote-polaco-enamorado-de-espana-1024x681.webp 1024w, https:\/\/staging.fundacioncarf.org\/wp-content\/uploads\/2025\/06\/krysztof-sacerdote-polaco-enamorado-de-espana-300x200.webp 300w, https:\/\/staging.fundacioncarf.org\/wp-content\/uploads\/2025\/06\/krysztof-sacerdote-polaco-enamorado-de-espana-150x100.webp 150w, https:\/\/staging.fundacioncarf.org\/wp-content\/uploads\/2025\/06\/krysztof-sacerdote-polaco-enamorado-de-espana-768x511.webp 768w, https:\/\/staging.fundacioncarf.org\/wp-content\/uploads\/2025\/06\/krysztof-sacerdote-polaco-enamorado-de-espana-18x12.webp 18w, https:\/\/staging.fundacioncarf.org\/wp-content\/uploads\/2025\/06\/krysztof-sacerdote-polaco-enamorado-de-espana.webp 1073w\" sizes=\"(max-width: 1024px) 100vw, 1024px\" \/><figcaption class=\"wp-element-caption\">Polski ksi\u0105dz Krzysztof Patejuk w biurze parafialnym.<\/figcaption><\/figure>\n\n\n\n<h3 class=\"wp-block-heading\" id=\"enamorado-de-pamplona-y-de-espana\">Zakochany w Pampelunie i Hiszpanii<\/h3>\n\n\n\n<p>Ksi\u0105dz Krzysztof podkre\u015bla, \u017ce nauka j\u0119zyka hiszpa\u0144skiego, kt\u00f3rej uczy\u0142 si\u0119 w <a href=\"https:\/\/staging.fundacioncarf.org\/pamplona-encuentro-anual-de-benefactores\/\" data-type=\"link\" data-id=\"https:\/\/staging.fundacioncarf.org\/pamplona-encuentro-anual-de-benefactores\/\">Pampeluna<\/a> teraz pozwala mu towarzyszy\u0107 mi\u0119dzynarodowym studentom w jego pracy jako kapelan uniwersytecki. Jego mi\u0142o\u015b\u0107 do hiszpa\u0144skiej kultury, dodaje z entuzjazmem, \"nap\u0119dza mnie do powrotu ka\u017cdego roku, aby odkrywa\u0107 nowe miejsca w tym pi\u0119knym kraju.<\/p>\n\n\n\n<p>Min\u0119\u0142o dziesi\u0119\u0107 lat od \u015bwi\u0119ce\u0144 kap\u0142a\u0144skich tego ksi\u0119dza z Polski i z jego w\u0142asnego do\u015bwiadczenia<br>Najwa\u017cniejsz\u0105 rzecz\u0105 w stawianiu czo\u0142a wyzwaniom kap\u0142a\u0144stwa jest wierno\u015b\u0107 <a href=\"https:\/\/staging.fundacioncarf.org\/santa-misa\/\" data-type=\"link\" data-id=\"https:\/\/staging.fundacioncarf.org\/santa-misa\/\">celebracja Eucharystii<\/a>osobista modlitwa i \u017cycie blisko ludzi, towarzyszenie im w drodze\".<br>Ponadto, dodaje z pokor\u0105, bardzo pomaga mu pami\u0119ta\u0107, \u017ce \"nie jestem ponad lud\u017ami, ale jestem, tak jak oni, uczniem Pana, ich bratem i ja r\u00f3wnie\u017c mog\u0119 na nich liczy\u0107 w mojej w\u0142asnej drodze wiary\".<\/p>\n\n\n\n<h3 class=\"wp-block-heading\" id=\"gracias-a-la-fundacion-carf-por-la-formacion-de-sacerdotes\">Podzi\u0119kowania dla Fundacji CARF za formacj\u0119 kap\u0142an\u00f3w.<\/h3>\n\n\n\n<p>Na koniec, Ksi\u0105dz z Polski, Krzysztof Patejuk, ma specjalne wspomnienia i s\u0142owa g\u0142\u0119bokiej wdzi\u0119czno\u015bci dla dobroczy\u0144c\u00f3w Fundacji CARF: \".<strong>Dzi\u0119ki Pa\u0144stwa wsparciu mog\u0142em sp\u0119dzi\u0107 niezapomniany czas studiuj\u0105c w Pampelunie.<\/strong>Celem projektu jest umo\u017cliwienie uczestnikom spotkania z Ko\u015bcio\u0142em i rozwoju duchowego, w szczeg\u00f3lno\u015bci poprzez formacj\u0119 oferowan\u0105 przez <a href=\"https:\/\/opusdei.org\/es-es\/page\/textos-para-la-vida-interior\/\" target=\"_blank\" rel=\"noopener\">Opus Dei<\/a>. Wiem, \u017ce to do\u015bwiadczenie by\u0142o kluczowe dla mojego kap\u0142a\u0144stwa i bez Pana nie by\u0142bym tym samym ksi\u0119dzem, kt\u00f3rym jestem dzisiaj.<\/p>\n\n\n\n<hr class=\"wp-block-separator has-alpha-channel-opacity\"\/>\n\n\n\n<div class=\"wp-block-rank-math-toc-block\" id=\"rank-math-toc\"><h4>Spis tre\u015bci<\/h4><nav><div><div class=\"\"><a href=\"#como-transmitir-la-fe-a-los-jovenes-de-polonia\">Przekazywanie wiary m\u0142odym ludziom w Polsce<\/a><\/div><div class=\"\"><a href=\"#una-experiencia-intelectual-maravillosa\">Wspania\u0142e do\u015bwiadczenie intelektualne<\/a><div><div class=\"\"><a href=\"#enamorado-de-pamplona-y-de-espana\">Zakochany w Pampelunie i Hiszpanii<\/a><\/div><div class=\"\"><a href=\"#gracias-a-la-fundacion-carf-por-la-formacion-de-sacerdotes\">Podzi\u0119kowania dla Fundacji CARF za formacj\u0119 kap\u0142an\u00f3w.<\/a><\/div><\/div><\/div><\/div><\/nav><\/div>","protected":false},"excerpt":{"rendered":"<p>Ojciec Krzysztof Patejuk chcia\u0142 by\u0107 dziennikarzem i to by\u0142a jego droga.<br \/>\nkiedy, mimo \u017ce mia\u0142 dziewczyn\u0119, B\u00f3g wezwa\u0142 go mocno na uniwersytet.<br \/>\nTeraz, jako ksi\u0105dz i ekspert kanonista, wykonuje wa\u017cn\u0105 prac\u0119<br \/>\npraca duszpasterska w jego rodzinnej diecezji warmi\u0144skiej.<\/p>","protected":false},"author":4,"featured_media":216501,"comment_status":"closed","ping_status":"closed","sticky":false,"template":"","format":"standard","meta":{"_acf_changed":false,"give_campaign_id":0,"footnotes":""},"categories":[109],"tags":[190,273,120],"class_list":["post-216500","post","type-post","status-publish","format-standard","has-post-thumbnail","hentry","category-historias","tag-pamplona","tag-polonia","tag-sacerdote"],"acf":[],"_links":{"self":[{"href":"https:\/\/staging.fundacioncarf.org\/pl\/wp-json\/wp\/v2\/posts\/216500","targetHints":{"allow":["GET"]}}],"collection":[{"href":"https:\/\/staging.fundacioncarf.org\/pl\/wp-json\/wp\/v2\/posts"}],"about":[{"href":"https:\/\/staging.fundacioncarf.org\/pl\/wp-json\/wp\/v2\/types\/post"}],"author":[{"embeddable":true,"href":"https:\/\/staging.fundacioncarf.org\/pl\/wp-json\/wp\/v2\/users\/4"}],"replies":[{"embeddable":true,"href":"https:\/\/staging.fundacioncarf.org\/pl\/wp-json\/wp\/v2\/comments?post=216500"}],"version-history":[{"count":24,"href":"https:\/\/staging.fundacioncarf.org\/pl\/wp-json\/wp\/v2\/posts\/216500\/revisions"}],"predecessor-version":[{"id":225043,"href":"https:\/\/staging.fundacioncarf.org\/pl\/wp-json\/wp\/v2\/posts\/216500\/revisions\/225043"}],"wp:featuredmedia":[{"embeddable":true,"href":"https:\/\/staging.fundacioncarf.org\/pl\/wp-json\/wp\/v2\/media\/216501"}],"wp:attachment":[{"href":"https:\/\/staging.fundacioncarf.org\/pl\/wp-json\/wp\/v2\/media?parent=216500"}],"wp:term":[{"taxonomy":"category","embeddable":true,"href":"https:\/\/staging.fundacioncarf.org\/pl\/wp-json\/wp\/v2\/categories?post=216500"},{"taxonomy":"post_tag","embeddable":true,"href":"https:\/\/staging.fundacioncarf.org\/pl\/wp-json\/wp\/v2\/tags?post=216500"}],"curies":[{"name":"wp","href":"https:\/\/api.w.org\/{rel}","templated":true}]}}