{"id":27982,"date":"2026-04-28T02:00:03","date_gmt":"2026-04-28T00:00:03","guid":{"rendered":"https:\/\/carfundacion.roymo.info\/?p=27982"},"modified":"2026-04-21T16:23:18","modified_gmt":"2026-04-21T14:23:18","slug":"gabon-iglesia-sacerdotes-formados-comunicacion","status":"publish","type":"post","link":"https:\/\/staging.fundacioncarf.org\/it\/gabon-iglesia-sacerdotes-formados-comunicacion\/","title":{"rendered":"\u00abLa Chiesa cattolica in Gabon ha bisogno di sacerdoti formati alla comunicazione\u00bb.\u00bb"},"content":{"rendered":"<p>Venceslao Herman Lengoma \u00e8 un sacerdote della diocesi di Franceville, a <a href=\"https:\/\/es.wikipedia.org\/wiki\/Gab%C3%B3n\" target=\"_blank\" rel=\"noreferrer noopener\">Gabon<\/a> (Africa centrale). Ha 46 anni e ha studiato una laurea in Comunicazione Sociale Istituzionale presso la Pontificia Universit\u00e0 della Santa Croce a Roma dal 2019 al 2021. Questa \u00e8 stata la sua esperienza durante la formazione. <\/p>\n\n\n\n<p>Il suo obiettivo \u00e8 quello di tornare in Gabon per gestire professionalmente le istituzioni mediatiche della sua diocesi, comprendendo che il messaggio del Vangelo oggi richiede strumenti tecnici e narrativi moderni.<\/p>\n\n\n\n<h2 class=\"wp-block-heading\" id=\"gabon-necesita-pastores-formados\">\u00abAbbiamo bisogno di sacerdoti ben formati per la Chiesa cattolica\u00bb.\u00bb<\/h2>\n\n\n\n<p>Oggi il Gabon ha sei diocesi e una prefettura apostolica. Il Paese ha ricevuto i suoi primi missionari nel 1944, il 29 settembre, quando la Chiesa cattolica fu istituita in Gabon dai missionari della Congregazione del Sacro Cuore di Maria, che in seguito divenne la Congregazione dello Spirito Santo o degli Spiritani.<\/p>\n\n\n\n<p>La diocesi in cui sono incardinato, quella di Franceville, raggruppa due grandi province: la provincia di Haut Ogoou\u00e9 e quella di Ogoou\u00e9 Lolo. Questa estensione pone un serio problema per il lavoro pastorale, a causa del numero ridotto di sacerdoti che non raggiungono tutti i fedeli. Abbiamo bisogno di pi\u00f9 sacerdoti nella mia diocesi, ben formati, per raggiungere tutti i fedeli.<\/p>\n\n\n\n<p>Questo problema sta facendo s\u00ec che le cosiddette \u201cchiese di risveglio protestanti\u201d si stabiliscano nell'area. Queste <a href=\"https:\/\/staging.fundacioncarf.org\/servir-a-la-iglesia\/\" data-type=\"page\" data-id=\"169919\" target=\"_blank\" rel=\"noreferrer noopener\">chiese<\/a> Vengono da noi da Paesi di confine come il Congo Brazzaville, il Camerun e anche da Paesi pi\u00f9 lontani, come la Nigeria, il Togo, il Benin, il Ciad, ecc. <\/p>\n\n\n\n<p>Pertanto, questo \u00e8 il motivo principale per cui il mio vescovo mi ha mandato a Roma per studiare Comunicazione Sociale Istituzionale, per poi fondare una stazione radio cattolica nella diocesi, che avrebbe promosso la vicinanza ai nostri fedeli attraverso programmi religiosi come la messa, le lodi, la lettura della Parola di Dio, ecc.<\/p>\n\n\n\n<h3 class=\"wp-block-heading\" id=\"necesidades-concretas-de-mi-diocesis\">Esigenze concrete della mia diocesi<\/h3>\n\n\n\n<p>Ho iniziato a studiare Comunicazione Sociale presso un'universit\u00e0 di Roma, dove mi sono formata in materie come la Dottrina Sociale della Chiesa, la Storia della Sociologia, l'Economia, la Psicologia, la Storia dei media, ecc. Tutti questi argomenti, nonostante la loro importanza, non rispondevano alle esigenze concrete della mia diocesi. Cos\u00ec ho deciso di cambiare universit\u00e0.<\/p>\n\n\n\n<blockquote class=\"wp-block-quote is-layout-flow wp-block-quote-is-layout-flow\">\n<p><strong><em>\"Abbiamo bisogno di pi\u00f9 sacerdoti ben formati nella mia diocesi di Franceville (Gabon, Africa Centrale) per raggiungere tutti i fedeli.<\/em><\/strong><\/p>\n<\/blockquote>\n\n\n\n<p>Il suo vescovo vuole promuovere una stazione radio cattolica nella diocesi e favorire la vicinanza ai fedeli attraverso programmi religiosi.<\/p>\n\n\n\n<p><strong>\"Mi sono imbarcato in un'avventura incredibile\".<\/strong><\/p>\n\n\n\n<p>L\u201c8 ottobre 2018, giorno dell'inizio dell'anno scolastico, mi sono imbarcata in un'avventura incredibile: quella di cercare l'universit\u00e0 che potesse darmi la formazione necessaria per essere utile ed efficace per il popolo di Dio nel mio Paese, e poich\u00e9 la provvidenza \u00e8 la madre di tutte le virt\u00f9, alle 10.30 - ricordo ancora il giorno e l'ora esatti - mi sono imbattuta in un grande edificio dove ho potuto leggere la targa \u201dPontificia Universit\u00e0 della Santa Croce\".<\/p>\n\n\n\n<figure class=\"wp-block-image size-full is-resized\"><img decoding=\"async\" width=\"960\" height=\"720\" src=\"https:\/\/staging.fundacioncarf.org\/wp-content\/uploads\/2020\/09\/Cathedral_of_Saint-Marie_Libreville.jpg\" alt=\"gab\u00f3n iglesia cat\u00f3lica sacerdote comunicaci\u00f3n \" class=\"wp-image-228916\" style=\"aspect-ratio:1.3333421912784673;width:788px;height:auto\" srcset=\"https:\/\/staging.fundacioncarf.org\/wp-content\/uploads\/2020\/09\/Cathedral_of_Saint-Marie_Libreville.jpg 960w, https:\/\/staging.fundacioncarf.org\/wp-content\/uploads\/2020\/09\/Cathedral_of_Saint-Marie_Libreville-300x225.jpg 300w, https:\/\/staging.fundacioncarf.org\/wp-content\/uploads\/2020\/09\/Cathedral_of_Saint-Marie_Libreville-150x113.jpg 150w, https:\/\/staging.fundacioncarf.org\/wp-content\/uploads\/2020\/09\/Cathedral_of_Saint-Marie_Libreville-768x576.jpg 768w, https:\/\/staging.fundacioncarf.org\/wp-content\/uploads\/2020\/09\/Cathedral_of_Saint-Marie_Libreville-16x12.jpg 16w\" sizes=\"(max-width: 960px) 100vw, 960px\" \/><\/figure>\n\n\n\n<p>Il mio cuore era pieno di gioia, anche senza sapere perch\u00e9. Cos\u00ec mi sono rincuorata e, senza sapere esattamente dove stavo andando, sono entrata e ho camminato con grande determinazione. Ho vagato per i corridoi, ho letto materiale sulle facolt\u00e0 e sui corsi, e alla fine sono arrivata a incontrare il Professor Daniel Arasa, Vice-Preside della Facolt\u00e0 di Comunicazione, e poi il Preside della Facolt\u00e0 di Comunicazione.<\/p>\n\n\n\n<p><strong>Sacerdoti ben formati nel campo della comunicazione<\/strong><\/p>\n\n\n\n<p>Ho spiegato loro cosa mi era successo e l'urgente necessit\u00e0 che la mia diocesi e io avevamo di avere sacerdoti ben formati nel campo della comunicazione. \u00c8 passato pi\u00f9 di un anno da quel momento e posso dire che alla Santa Croce ho trovato un collegamento diretto con gli obiettivi tanto attesi della mia diocesi, e oggi mi sento felice e sto imparando molto, per cui sono molto grata ai responsabili di questa istituzione.<\/p>\n\n\n\n<blockquote class=\"wp-block-quote is-layout-flow wp-block-quote-is-layout-flow\">\n<p><em><strong>\"Alla Pontificia Universit\u00e0 della Santa Croce, ho trovato un collegamento diretto con gli obiettivi tanto attesi della mia diocesi\".<\/strong><\/em><\/p>\n<\/blockquote>\n\n\n\n<p>Venceslao ha imparato molto alla Pontificia Universit\u00e0 della Santa Croce a Roma. Grazie alla sua laurea in Comunicazione Sociale Istituzionale, quando arriver\u00e0 nella sua diocesi in Gabon, sar\u00e0 in grado di promuovere la stazione radio cattolica che il suo vescovo gli ha chiesto di istituire, la cui attivit\u00e0 \u00e8 stata sospesa per mancanza di fondi. \u00c8 grato ai partner, ai benefattori e agli amici della Fondazione CARF per il loro aiuto nel completamento dei suoi studi.<\/p>\n\n\n\n<p><strong>Grazie al sostegno della Fondazione CARF<\/strong><\/p>\n\n\n\n<p>Ci\u00f2 che ha reso possibile questo grande cambiamento nella mia vita accademica e sacerdotale - perch\u00e9 in questo modo posso dedicarmi ai bisogni del popolo di Dio nella mia diocesi - \u00e8 stato il sostegno della Fondazione CARF (Centro Academico Romano Foundation). <\/p>\n\n\n\n<p>Infatti, quando mi sono iscritta, il rappresentante di questa Fondazione mi ha parlato della possibilit\u00e0 di essere aiutata - e non solo io, ma anche la mia diocesi - a formarmi nella Facolt\u00e0 di Comunicazione e a mettere le mie conoscenze al servizio del mio vescovo e dei fedeli in Gabon, completando la stazione radio, i cui lavori di costruzione sono stati sospesi per mancanza di fondi.<\/p>\n\n\n\n<p>\u00abQuesta esperienza \u00e8 un'avventura provvidenziale che mi ha portato a questa <a href=\"https:\/\/es.pusc.it\/\" target=\"_blank\" rel=\"noreferrer noopener\"><strong>Pontificia Universit\u00e0 della Santa Croce<\/strong><\/a>. Rimango grato a tutto il personale amministrativo, agli insegnanti e ai benefattori della Fondazione CARF: che il Signore conceda a ciascuno di voi le grazie necessarie e che San Josemar\u00eda Escriv\u00e1, fondatore dell'Opus Dei, si prenda sempre cura di ciascuna delle vostre famiglie e di voi!<\/p>\n\n\n\n<figure class=\"wp-block-embed is-type-video is-provider-youtube wp-block-embed-youtube wp-embed-aspect-16-9 wp-has-aspect-ratio\"><div class=\"wp-block-embed__wrapper\">\n<iframe loading=\"lazy\" title=\"Testimoni | Pedro Pablo, storia di un sacerdote venezuelano\" width=\"500\" height=\"281\" src=\"https:\/\/www.youtube.com\/embed\/74MBV0i3nJg?feature=oembed\" frameborder=\"0\" allow=\"accelerometer; autoplay; clipboard-write; encrypted-media; gyroscope; picture-in-picture; web-share\" referrerpolicy=\"strict-origin-when-cross-origin\" allowfullscreen><\/iframe>\n<\/div><\/figure>\n\n\n\n<hr class=\"wp-block-separator has-alpha-channel-opacity\"\/>\n\n\n\n<p><strong><a href=\"https:\/\/www.amazon.es\/stores\/author\/B0C8ZNHJ95\" target=\"_blank\" rel=\"noreferrer noopener\">Gerardo Ferrara<\/a><\/strong><br>Laureata in Storia e Scienze politiche, specializzata in Medio Oriente.<br>Responsabile degli studenti della Pontificia Universit\u00e0 della Santa Croce a Roma.<\/p>\n\n\n\n<hr class=\"wp-block-separator has-alpha-channel-opacity\"\/>\n\n\n\n<div class=\"wp-block-rank-math-toc-block\" id=\"rank-math-toc\"><h2>Indice dei contenuti<\/h2><nav><ul><li><a href=\"#gabon-necesita-pastores-formados\">\u00abAbbiamo bisogno di sacerdoti ben formati per la Chiesa cattolica\u00bb.\u00bb<\/a><ul><li><a href=\"#necesidades-concretas-de-mi-diocesis\">Esigenze concrete della mia diocesi<\/a><\/li><\/ul><\/li><\/ul><\/nav><\/div>\n\n\n\n<hr class=\"wp-block-separator has-alpha-channel-opacity\"\/>","protected":false},"excerpt":{"rendered":"<p>Venceslao Lengoma \u00e8 un sacerdote del Gabon (Africa Centrale). Ha studiato Comunicazione Sociale Istituzionale presso la Pontificia Universit\u00e0 della Santa Croce a Roma, al fine di creare la stazione radio diocesana al suo ritorno.<\/p>","protected":false},"author":4,"featured_media":229442,"comment_status":"closed","ping_status":"closed","sticky":false,"template":"","format":"standard","meta":{"_acf_changed":false,"give_campaign_id":0,"footnotes":""},"categories":[109],"tags":[172,120,121],"class_list":["post-27982","post","type-post","status-publish","format-standard","has-post-thumbnail","hentry","category-historias","tag-congregaciones-religiosas","tag-sacerdote","tag-seminarista"],"acf":[],"_links":{"self":[{"href":"https:\/\/staging.fundacioncarf.org\/it\/wp-json\/wp\/v2\/posts\/27982","targetHints":{"allow":["GET"]}}],"collection":[{"href":"https:\/\/staging.fundacioncarf.org\/it\/wp-json\/wp\/v2\/posts"}],"about":[{"href":"https:\/\/staging.fundacioncarf.org\/it\/wp-json\/wp\/v2\/types\/post"}],"author":[{"embeddable":true,"href":"https:\/\/staging.fundacioncarf.org\/it\/wp-json\/wp\/v2\/users\/4"}],"replies":[{"embeddable":true,"href":"https:\/\/staging.fundacioncarf.org\/it\/wp-json\/wp\/v2\/comments?post=27982"}],"version-history":[{"count":19,"href":"https:\/\/staging.fundacioncarf.org\/it\/wp-json\/wp\/v2\/posts\/27982\/revisions"}],"predecessor-version":[{"id":229445,"href":"https:\/\/staging.fundacioncarf.org\/it\/wp-json\/wp\/v2\/posts\/27982\/revisions\/229445"}],"wp:featuredmedia":[{"embeddable":true,"href":"https:\/\/staging.fundacioncarf.org\/it\/wp-json\/wp\/v2\/media\/229442"}],"wp:attachment":[{"href":"https:\/\/staging.fundacioncarf.org\/it\/wp-json\/wp\/v2\/media?parent=27982"}],"wp:term":[{"taxonomy":"category","embeddable":true,"href":"https:\/\/staging.fundacioncarf.org\/it\/wp-json\/wp\/v2\/categories?post=27982"},{"taxonomy":"post_tag","embeddable":true,"href":"https:\/\/staging.fundacioncarf.org\/it\/wp-json\/wp\/v2\/tags?post=27982"}],"curies":[{"name":"wp","href":"https:\/\/api.w.org\/{rel}","templated":true}]}}