{"id":226796,"date":"2025-11-26T19:29:18","date_gmt":"2025-11-26T18:29:18","guid":{"rendered":"https:\/\/staging.fundacioncarf.org\/?p=226796"},"modified":"2025-11-27T11:54:05","modified_gmt":"2025-11-27T10:54:05","slug":"visita-libano-turquia-papa-leon-xiv-esperanza","status":"publish","type":"post","link":"https:\/\/staging.fundacioncarf.org\/it\/visita-libano-turquia-papa-leon-xiv-esperanza\/","title":{"rendered":"\u00abLa visita del Papa in Libano porter\u00e0 speranza\u00bb"},"content":{"rendered":"<p>Il <strong>Padre Christian Hallak<\/strong>, sacerdote maronita della diocesi di Beirut che studia presso le <a href=\"https:\/\/www.unav.edu\/web\/facultad-de-teologia\" data-type=\"link\" data-id=\"https:\/\/www.unav.edu\/web\/facultad-de-teologia\" target=\"_blank\" rel=\"noopener\">Facolt\u00e0 ecclesiastiche dell'Universit\u00e0 di Navarra<\/a> Grazie ai soci, ai benefattori e agli amici della Fondazione CARF, confida pienamente che la visita di Papa Leone XIV nel suo Paese, dopo il passaggio in Turchia, riempir\u00e0 di speranza e di futuro il suo popolo.\u00a0<\/p>\n\n\n\n<h2 class=\"wp-block-heading\" id=\"mensaje-de-esperanza-y-unidad\">Messaggio di speranza e unit\u00e0<\/h2>\n\n\n\n<p>Nel suo sguardo si mescolano la nostalgia di tornare nella sua terra e la responsabilit\u00e0 di continuare. <a href=\"https:\/\/staging.fundacioncarf.org\/sacerdocio\/formacion-de-sacerdotes\/\" target=\"_blank\" data-type=\"page\" data-id=\"169942\" rel=\"noreferrer noopener\">formandosi<\/a> per poter tornare un giorno a servire al meglio il proprio Paese. Dalla Spagna segue con interesse ogni notizia relativa alla visita di Papa Leone XIV in Turchia e Libano, dal 27 novembre al 2 dicembre. \u00ab<strong>La visita del Santo Padre porter\u00e0 molta speranza.<\/strong>\u00bb, afferma con convinzione.<\/p>\n\n\n\n<p>In un panorama desolante per il suo Paese, la voce del Papa sar\u00e0, secondo lui, <strong>una voce profetica<\/strong>, che ricorder\u00e0 al Paese cinque punti fondamentali:<\/p>\n\n\n\n<ol class=\"wp-block-list\">\n<li>La solidit\u00e0 della <strong>speranza <\/strong>anche al buio.<\/li>\n\n\n\n<li>Il <strong>responsabilit\u00e0 <\/strong>condivisa tra cristiani e musulmani per proteggere e sostenere la patria.<\/li>\n\n\n\n<li>L'importanza di applicare <strong>giustizia <\/strong>e responsabilit\u00e0 per il miglioramento della societ\u00e0.<\/li>\n\n\n\n<li>La necessit\u00e0 che la <strong>comunit\u00e0 internazionale<\/strong> Si prega di non abbandonare il Libano.<\/li>\n\n\n\n<li>Il Libano \u00e8 pi\u00f9 di un paese, \u00e8 un messaggio di convivenza, come afferm\u00f2 San Giovanni Paolo II.<\/li>\n<\/ol>\n\n\n\n<figure class=\"wp-block-embed is-type-video is-provider-youtube wp-block-embed-youtube wp-embed-aspect-16-9 wp-has-aspect-ratio\"><div class=\"wp-block-embed__wrapper\">\n<iframe loading=\"lazy\" title=\"\u00c8 ufficiale: Leone XIV effettuer\u00e0 il suo primo viaggio apostolico in Turchia e Libano.\" width=\"500\" height=\"281\" src=\"https:\/\/www.youtube.com\/embed\/2ZoWyGPA8uY?feature=oembed\" frameborder=\"0\" allow=\"accelerometer; autoplay; clipboard-write; encrypted-media; gyroscope; picture-in-picture; web-share\" referrerpolicy=\"strict-origin-when-cross-origin\" allowfullscreen><\/iframe>\n<\/div><\/figure>\n\n\n\n<h2 class=\"wp-block-heading\" id=\"un-pais-herido-que-espera-una-visita-historica\">Un paese ferito in attesa di una visita storica<\/h2>\n\n\n\n<p>In Libano, la visita apostolica di Papa Leone XIV \u00e8 considerata un evento storico. Per don Christian, l'arrivo del Pontefice in un contesto di guerre regionali, crisi economica e ferite sociali ancora aperte, rappresenta una luce che attraversa l'oscurit\u00e0:<strong> \u00abI libanesi, cristiani e musulmani, considerano la sua visita un messaggio di speranza, pace e benedizione in un momento di grande difficolt\u00e0.<\/strong><\/p>\n\n\n\n<p>E aggiunge qualcosa che per lui \u00e8 essenziale: \u00ab<strong>Nulla accade per caso, ma per volont\u00e0 di Dio., <\/strong>che ha consentito che la situazione si presentasse in questo modo in questo momento storico per il Libano.\u00a0<\/p>\n\n\n\n<h3 class=\"wp-block-heading\" id=\"la-presencia-catolica-una-luz-que-resiste\">La presenza cattolica: una luce che resiste<\/h3>\n\n\n\n<p>All'arrivo, il Papa sar\u00e0 accolto dal <strong>Presidente Joseph Aoun, <a href=\"https:\/\/staging.fundacioncarf.org\/sacerdote-catolico-tanzania-un-orgullo-jovenes\/\" data-type=\"post\" data-id=\"214872\" target=\"_blank\" rel=\"noreferrer noopener\">cattolico<\/a> maronita,<\/strong> che per padre Christian \u00e8 una testimonianza della storica partecipazione di questa comunit\u00e0 alla vita politica del Paese.\u00a0<\/p>\n\n\n\n<p>Nonostante la crisi, la presenza dei cattolici continua a essere attiva e proficua. In Libano convivono <strong>sei comunit\u00e0 cattoliche<\/strong>: <strong>Maroniti, Latini, Greci cattolici, Siro-cattolici, Caldei e Armeni cattolici.<\/strong> Tutte gestiscono scuole, universit\u00e0, ospedali e opere di assistenza sociale che sostengono il Paese anche quando tutto sembra crollare.<\/p>\n\n\n\n<p>\u00abLa presenza cristiana \u2013 afferma padre Christian \u2013 continua a essere viva, radicata e impegnata a preservare la propria missione nella societ\u00e0\u00bb.<\/p>\n\n\n\n<p>Tuttavia, al di l\u00e0 della politica, il popolo attende un gesto di vicinanza e conforto. La visita di Leone XIV non sar\u00e0 solo un atto protocollare, ma un abbraccio spirituale a una nazione che da troppo tempo si trova sull'orlo del baratro.<\/p>\n\n\n\n<h4 class=\"wp-block-heading\" id=\"enriquecer-su-mision-educativa\">Arricchire la vostra missione educativa&nbsp;<\/h4>\n\n\n\n<p>Nato e cresciuto nella Chiesa maronita, padre Christian \u00e8 stato ordinato sacerdote il 28 giugno 2020, con l'imposizione delle mani di monsignor Boulous Abdel Sater. Il suo percorso \u00e8 iniziato nel Seminario Patriarcale Maronita di Ghazir, dopo aver completato i suoi studi. <a href=\"https:\/\/staging.fundacioncarf.org\/sacerdocio\/formacion-de-sacerdotes\/\" data-type=\"link\" data-id=\"https:\/\/staging.fundacioncarf.org\/sacerdocio\/formacion-de-sacerdotes\/\">formazione teologica<\/a> presso l'Universit\u00e0 dello Spirito Santo di Kaslik. Successivamente ha prestato servizio in parrocchie, centri scolastici e diversi ambiti pastorali, in particolare con bambini e giovani, un campo che continua a essere la sua priorit\u00e0.<\/p>\n\n\n\n<figure class=\"wp-block-image size-large is-resized\"><img decoding=\"async\" width=\"768\" height=\"1024\" src=\"https:\/\/staging.fundacioncarf.org\/wp-content\/uploads\/2025\/11\/3padre-Christian-Hallak.-Libano.-Sacerdote-maronita-copia-768x1024.webp\" alt=\"Padre don Christiana Hallak, sacerdote maronita en Libano. Fundaci\u00f3n CARF. Visita Papa Le\u00f3n XIV. Turqu\u00eda viaje.\" class=\"wp-image-226799\" style=\"width:656px;height:auto\" srcset=\"https:\/\/staging.fundacioncarf.org\/wp-content\/uploads\/2025\/11\/3padre-Christian-Hallak.-Libano.-Sacerdote-maronita-copia-768x1024.webp 768w, https:\/\/staging.fundacioncarf.org\/wp-content\/uploads\/2025\/11\/3padre-Christian-Hallak.-Libano.-Sacerdote-maronita-copia-225x300.webp 225w, https:\/\/staging.fundacioncarf.org\/wp-content\/uploads\/2025\/11\/3padre-Christian-Hallak.-Libano.-Sacerdote-maronita-copia-113x150.webp 113w, https:\/\/staging.fundacioncarf.org\/wp-content\/uploads\/2025\/11\/3padre-Christian-Hallak.-Libano.-Sacerdote-maronita-copia-9x12.webp 9w, https:\/\/staging.fundacioncarf.org\/wp-content\/uploads\/2025\/11\/3padre-Christian-Hallak.-Libano.-Sacerdote-maronita-copia.webp 1000w\" sizes=\"(max-width: 768px) 100vw, 768px\" \/><figcaption class=\"wp-element-caption\">Don Christian presiede una processione eucaristica.<\/figcaption><\/figure>\n\n\n\n<p>Attualmente risiede in Spagna grazie al sostegno della <strong>Fondazione CARF<\/strong>, e sta conseguendo la laurea in <strong>Moralit\u00e0 fondamentale<\/strong> presso le Facolt\u00e0 Ecclesiastiche dell'Universit\u00e0 di Navarra. Lo fa con il desiderio di tornare poi in Libano con una preparazione pi\u00f9 solida: \u00abCi\u00f2 che studio \u2013 spiega \u2013 arricchir\u00e0 la mia missione educativa e pastorale con i giovani e i bambini\u00bb.<\/p>\n\n\n\n<h5 class=\"wp-block-heading\" id=\"una-iglesia-de-montana-resistencia-y-fe\"><strong>Una Chiesa di montagna, resistenza e fede<\/strong><\/h5>\n\n\n\n<p>Quando parla del suo <a href=\"https:\/\/staging.fundacioncarf.org\/servir-a-la-iglesia\/\" data-type=\"page\" data-id=\"169919\" target=\"_blank\" rel=\"noreferrer noopener\">chiesa<\/a>, padre Christian lo fa con una tenerezza filiale. Appartiene alla <strong>Chiesa maronita<\/strong>, una Chiesa cattolica orientale in piena comunione con Roma, erede della liturgia siro-antiochena.\u00a0<\/p>\n\n\n\n<p>La sua identit\u00e0 si \u00e8 forgiata nella durezza delle montagne libanesi, dove i suoi monaci e fedeli hanno resistito a secoli di isolamento, guerre e persecuzioni. Questa storia ha segnato un temperamento spirituale molto particolare: ascetico, contemplativo e radicato nella speranza, una caratteristica che egli insiste nel sottolineare.<\/p>\n\n\n\n<p>\u00abLa Chiesa maronita \u2013 spiega \u2013 si distingue per la sua forte enfasi sulla <strong>Encarnaci\u00f3n<\/strong>, <strong>per il suo profondo amore per i santi<\/strong>, in particolare a San Marone e San Charbel, e per una spiritualit\u00e0 di fermezza e perseveranza. La sua liturgia, che combina il siriaco e l'arabo, \u00e8 ricca di simboli e di un'estetica che riflette secoli di fede vissuta in circostanze estreme.<\/p>\n\n\n\n<p>Don Christian ricorda la figura di <strong>San Mar\u00f3n<\/strong>, fondatore spirituale dei maroniti, la cui vita sulle montagne, sostenuta dalla preghiera e dall'austerit\u00e0, divenne un modello di resistenza e fedelt\u00e0. \u00abSan Marone sopport\u00f2 le difficolt\u00e0 del clima e dell'isolamento. Rimase saldo nella fede e da quella fermezza si nutre la nostra <a href=\"https:\/\/staging.fundacioncarf.org\/testigos-video-documental-carf-sacerdotes\/\" target=\"_blank\" data-type=\"page\" data-id=\"217496\" rel=\"noreferrer noopener\">identit\u00e0<\/a> maronita.<\/p>\n\n\n\n<figure class=\"wp-block-image size-full\"><img decoding=\"async\" width=\"640\" height=\"960\" src=\"https:\/\/staging.fundacioncarf.org\/wp-content\/uploads\/2025\/11\/2padre-Christian-Hallak.-Libano.-Sacerdote-maronita-copia.webp\" alt=\"Padre Christiana Hallak, sacerdote maronita en Libano. Fundacai\u00f3n CARF.\" class=\"wp-image-226800\" srcset=\"https:\/\/staging.fundacioncarf.org\/wp-content\/uploads\/2025\/11\/2padre-Christian-Hallak.-Libano.-Sacerdote-maronita-copia.webp 640w, https:\/\/staging.fundacioncarf.org\/wp-content\/uploads\/2025\/11\/2padre-Christian-Hallak.-Libano.-Sacerdote-maronita-copia-200x300.webp 200w, https:\/\/staging.fundacioncarf.org\/wp-content\/uploads\/2025\/11\/2padre-Christian-Hallak.-Libano.-Sacerdote-maronita-copia-100x150.webp 100w, https:\/\/staging.fundacioncarf.org\/wp-content\/uploads\/2025\/11\/2padre-Christian-Hallak.-Libano.-Sacerdote-maronita-copia-8x12.webp 8w\" sizes=\"(max-width: 640px) 100vw, 640px\" \/><\/figure>\n\n\n\n<p><strong>Monastero di San Marone, meta di innumerevoli pellegrinaggi<\/strong><\/p>\n\n\n\n<p>Tra le tappe pi\u00f9 attese del viaggio, il Papa visiter\u00e0 un sobborgo rurale di Beirut a nord di Jbeil, dove sorge il monastero di San Marone ad Annaya, luogo di origine di milioni di <a href=\"https:\/\/staging.fundacioncarf.org\/guia-de-peregrinacion-a-tierra-santa\/\" target=\"_blank\" data-type=\"post\" data-id=\"191290\" rel=\"noreferrer noopener\">pellegrinaggi<\/a> ogni anno.\u00a0<\/p>\n\n\n\n<p>Annaya \u00e8 un paesaggio di verdi colline da cui si scorge la costa, un ambiente che avvolge il visitatore in una calma quasi soprannaturale. Il Papa Leone visiter\u00e0 l\u00ec l'Ermitage di San Charbel, un piccolo santuario dove il santo visse in austerit\u00e0 e dove oggi riposa il suo corpo incorrotto.<\/p>\n\n\n\n<p>\u00abAnnaya \u2013 descrive padre Christian \u2013 \u00e8 un centro di pellegrinaggio mondiale. Vi giungono cristiani di tutti i riti, ma anche musulmani che invocano la sua intercessione con fede semplice e sincera\u00bb. In quelle montagne la diversit\u00e0 religiosa non \u00e8 un ostacolo, ma una testimonianza vivente di una spiritualit\u00e0 condivisa.<\/p>\n\n\n\n<p><strong>I miracoli di San Charbel<\/strong><\/p>\n\n\n\n<p>Inoltre, il Papa scender\u00e0 alla<strong> <\/strong>grotta dove \u00e8 sepolto San Charbel, il monaco cristiano proclamato santo da Paolo VI, al quale sono attribuiti oltre 29.000 miracoli di guarigione documentati dal punto di vista medico e spirituale, molti dei quali con referti comparativi prima e dopo la guarigione.<\/p>\n\n\n\n<p>\u00abNon esiste alcun santo in Libano che sia oggetto di una devozione cos\u00ec diffusa come quella per San Charbel Makhlouf. La straordinariet\u00e0 di questi eventi non risiede solo nel loro numero, ma anche nel fatto che si tratta di miracoli concessi a persone di diverse religioni. Molti sono casi di guarigioni inspiegabili da tumori, malattie neurologiche o paralisi. Spesso sono accompagnati da un profondo rinnovamento spirituale\u00bb, spiega questo sacerdote maronita.\u00a0<\/p>\n\n\n\n<p>Padre Christian sottolinea che il vero miracolo non \u00e8 solo fisico: \u00abNon si tratta qui di una semplice guarigione del corpo. Il miracolo pi\u00f9 grande \u00e8 l'amore e il perdono\u00bb.<strong>. <\/strong>In ogni miracolo ricordiamo che Dio \u00e8 con noi.<\/p>\n\n\n\n<figure class=\"wp-block-image size-full is-resized\"><img decoding=\"async\" width=\"1000\" height=\"677\" src=\"https:\/\/staging.fundacioncarf.org\/wp-content\/uploads\/2025\/11\/padre-christian-libano-sacerdote-maronita-fundacion-carf.webp\" alt=\"Padre don Christiana Hallak, sacerdote maronita en Libano. Fundaci\u00f3n CARF. Visita Papa Le\u00f3n XIV. Turqu\u00eda viaje.\" class=\"wp-image-226801\" style=\"width:792px;height:auto\" srcset=\"https:\/\/staging.fundacioncarf.org\/wp-content\/uploads\/2025\/11\/padre-christian-libano-sacerdote-maronita-fundacion-carf.webp 1000w, https:\/\/staging.fundacioncarf.org\/wp-content\/uploads\/2025\/11\/padre-christian-libano-sacerdote-maronita-fundacion-carf-300x203.webp 300w, https:\/\/staging.fundacioncarf.org\/wp-content\/uploads\/2025\/11\/padre-christian-libano-sacerdote-maronita-fundacion-carf-150x102.webp 150w, https:\/\/staging.fundacioncarf.org\/wp-content\/uploads\/2025\/11\/padre-christian-libano-sacerdote-maronita-fundacion-carf-768x520.webp 768w, https:\/\/staging.fundacioncarf.org\/wp-content\/uploads\/2025\/11\/padre-christian-libano-sacerdote-maronita-fundacion-carf-18x12.webp 18w\" sizes=\"(max-width: 1000px) 100vw, 1000px\" \/><\/figure>\n\n\n\n<p><strong>Un augurio per il suo popolo e una preghiera per il Papa<\/strong><\/p>\n\n\n\n<p>Al termine della conversazione, padre Christian esprime i suoi sentimenti in un messaggio che riassume il significato di questa visita per lui e per tutti i libanesi: \u00abCome figlio della Chiesa maronita, <strong>Sono fiducioso che questa visita porter\u00e0 una ventata di conforto al nostro popolo. <\/strong>e desidero che sia uno stimolo spirituale che ci ricordi che la speranza non delude mai.\u00a0<\/p>\n\n\n\n<p>Ringrazia il Papa per la sua vicinanza in un momento cos\u00ec delicato e rivolge una preghiera affinch\u00e9 i santi del Libano: San Marone, San Charbel, Santa Rafqa, San Naamatallah e tanti altri che hanno illuminato la terra libanese continuino a proteggere il Santo Padre nella sua missione e accompagnino ogni passo verso la sua futura visita.&nbsp;<\/p>\n\n\n\n<p>\u00abChe la sua intercessione protegga anche il nostro Paese, rafforzi il suo popolo e mantenga viva la speranza tra le sfide che affrontiamo. Con la grazia di <a href=\"https:\/\/staging.fundacioncarf.org\/blog-de-religion\/\" target=\"_blank\" data-type=\"page\" data-id=\"170170\" rel=\"noreferrer noopener\">Dio<\/a> Con la protezione dei nostri santi, confidiamo che arriver\u00e0 un nuovo tempo di pace, unit\u00e0 e rinnovamento per tutto il Libano.\u00a0<\/p>\n\n\n\n<p>Nelle parole di don Christian si percepisce che questa speranza non \u00e8 un'idea teorica o un vago desiderio: \u00e8 una certezza che emerge dalla fede del suo popolo, una fede che continua a vivere sulle montagne, nei monasteri, nelle strade di Beirut e in ogni libanese che attende conforto.<\/p>\n\n\n\n<hr class=\"wp-block-separator has-alpha-channel-opacity\"\/>\n\n\n\n<p><strong>Marta Sant\u00edn<\/strong>giornalista specializzata in religione. <\/p>\n\n\n\n<hr class=\"wp-block-separator has-alpha-channel-opacity\"\/>\n\n\n\n<div class=\"wp-block-rank-math-toc-block\" id=\"rank-math-toc\"><h2><strong>Indice dei contenuti<\/strong><\/h2><nav><ul><li class=\"\"><a href=\"#mensaje-de-esperanza-y-unidad\">Messaggio di speranza e unit\u00e0<\/a><\/li><li class=\"\"><a href=\"#un-pais-herido-que-espera-una-visita-historica\">Un paese ferito in attesa di una visita storica<\/a><ul><li class=\"\"><a href=\"#la-presencia-catolica-una-luz-que-resiste\">La presenza cattolica: una luce che resiste<\/a><\/li><\/ul><\/li><\/ul><\/nav><\/div>\n\n\n\n<hr class=\"wp-block-separator has-alpha-channel-opacity\"\/>\n\n\n\n<h4 class=\"wp-block-heading\" id=\"preguntas-frecuentes\">Domande e risposte<\/h4>\n\n\n\n<p><\/p>\n\n\n<div id=\"rank-math-faq\" class=\"rank-math-block\">\n<div class=\"rank-math-list\">\n<div id=\"faq-question-1764236592917\" class=\"rank-math-list-item\">\n<div class=\"rank-math-question\"><strong>Quando il Santo Padre visiter\u00e0 la Turchia?<\/strong><\/div>\n<div class=\"rank-math-answer\">\n\n<p>Gioved\u00ec 27 novembre 2025, al mattino, arriver\u00e0 nella capitale Ankara.\u00a0<\/p>\n\n<\/div>\n<\/div>\n<div id=\"faq-question-1764236705773\" class=\"rank-math-list-item\">\n<div class=\"rank-math-question\"><strong>E quando arriver\u00e0 in Libano?<\/strong><\/div>\n<div class=\"rank-math-answer\">\n\n<p>Arriver\u00e0 nel Paese del Cedro il 30 novembre e torner\u00e0 a Roma il 2 dicembre, dopo una visita preliminare in Turchia dal 27 al 30 novembre.<\/p>\n\n<\/div>\n<\/div>\n<div id=\"faq-question-1764236922925\" class=\"rank-math-list-item\">\n<div class=\"rank-math-question\"><strong>Quali sono i motivi del viaggio?<\/strong><\/div>\n<div class=\"rank-math-answer\">\n\n<p>L'obiettivo del viaggio sar\u00e0 quello di promuovere il dialogo e l'unit\u00e0 tra tutti i cristiani e di incoraggiare il dialogo interreligioso in una zona del mondo complessa, con una ricca storia e segnata dalle tensioni attuali.<\/p>\n\n<\/div>\n<\/div>\n<\/div>\n<\/div>","protected":false},"excerpt":{"rendered":"<p>Il Libano si trova attualmente al centro di una crisi multiforme: la guerra tra Israele e Hamas a Gaza, che potrebbe estendersi al territorio libanese; un collasso economico senza precedenti, un'emigrazione di massa che sta svuotando intere comunit\u00e0; e le ferite ancora aperte dell'esplosione nel porto di Beirut, che ha causato oltre 200 morti e 7.000 feriti, un evento che continua a provocare sofferenza.<\/p>","protected":false},"author":4,"featured_media":226798,"comment_status":"closed","ping_status":"closed","sticky":false,"template":"","format":"standard","meta":{"_acf_changed":false,"give_campaign_id":0,"footnotes":""},"categories":[109],"tags":[267,183,120],"class_list":["post-226796","post","type-post","status-publish","format-standard","has-post-thumbnail","hentry","category-historias","tag-leon-xiv","tag-papa","tag-sacerdote"],"acf":[],"_links":{"self":[{"href":"https:\/\/staging.fundacioncarf.org\/it\/wp-json\/wp\/v2\/posts\/226796","targetHints":{"allow":["GET"]}}],"collection":[{"href":"https:\/\/staging.fundacioncarf.org\/it\/wp-json\/wp\/v2\/posts"}],"about":[{"href":"https:\/\/staging.fundacioncarf.org\/it\/wp-json\/wp\/v2\/types\/post"}],"author":[{"embeddable":true,"href":"https:\/\/staging.fundacioncarf.org\/it\/wp-json\/wp\/v2\/users\/4"}],"replies":[{"embeddable":true,"href":"https:\/\/staging.fundacioncarf.org\/it\/wp-json\/wp\/v2\/comments?post=226796"}],"version-history":[{"count":13,"href":"https:\/\/staging.fundacioncarf.org\/it\/wp-json\/wp\/v2\/posts\/226796\/revisions"}],"predecessor-version":[{"id":226828,"href":"https:\/\/staging.fundacioncarf.org\/it\/wp-json\/wp\/v2\/posts\/226796\/revisions\/226828"}],"wp:featuredmedia":[{"embeddable":true,"href":"https:\/\/staging.fundacioncarf.org\/it\/wp-json\/wp\/v2\/media\/226798"}],"wp:attachment":[{"href":"https:\/\/staging.fundacioncarf.org\/it\/wp-json\/wp\/v2\/media?parent=226796"}],"wp:term":[{"taxonomy":"category","embeddable":true,"href":"https:\/\/staging.fundacioncarf.org\/it\/wp-json\/wp\/v2\/categories?post=226796"},{"taxonomy":"post_tag","embeddable":true,"href":"https:\/\/staging.fundacioncarf.org\/it\/wp-json\/wp\/v2\/tags?post=226796"}],"curies":[{"name":"wp","href":"https:\/\/api.w.org\/{rel}","templated":true}]}}