{"id":128968,"date":"2026-03-12T02:00:44","date_gmt":"2026-03-12T01:00:44","guid":{"rendered":"https:\/\/carfundacion.roymo.info\/?post_type=testimonio&#038;p=128968"},"modified":"2026-03-04T16:38:01","modified_gmt":"2026-03-04T15:38:01","slug":"cristianos-de-pakistan-situacion-esperanza","status":"publish","type":"post","link":"https:\/\/staging.fundacioncarf.org\/it\/cristianos-de-pakistan-situacion-esperanza\/","title":{"rendered":"\u00abI cristiani in Pakistan hanno speranza in un futuro migliore\u00bb.\u00bb"},"content":{"rendered":"<p><strong>Abid Saleem<\/strong> \u00e8 un sacerdote della congregazione dei Missionari Oblati di Maria Immacolata che studia presso la Pontificia Universit\u00e0 della Santa Croce a Roma. I cristiani in <a href=\"https:\/\/staging.fundacioncarf.org\/santo-tomas-apostol-testimonio-de-fe-esperanza\/\" target=\"_blank\" data-type=\"post\" data-id=\"217030\" rel=\"noreferrer noopener\">Pakistan<\/a> Spesso discriminate e perseguitate, hanno la speranza \u201cdi un futuro migliore\u201d, dice nella sua testimonianza.<\/p>\n\n\n\n<h2 class=\"wp-block-heading\" id=\"una-familia-catolica-de-once-hermanos\">Una famiglia cattolica di undici fratelli<\/h2>\n\n\n\n<p>\"Sono Abid Saleem, figlio di Saleem Masih e Mukhtaran Bibi. Sono nato a Toba Tek Singh, in Pakistan, il 26 giugno 1979,&nbsp;<strong>in una famiglia cattolica di undici fratelli e sorelle.<\/strong>&nbsp;(otto ragazzi e tre ragazze). Io sono il pi\u00f9 giovane di tutti. I miei genitori sono gi\u00e0 nella vita celeste (che le loro anime riposino in pace).<\/p>\n\n\n\n<p>Quando riflette sulla sua\u00a0<a href=\"https:\/\/staging.fundacioncarf.org\/donar\/\" target=\"_blank\" data-type=\"page\" data-id=\"170000\" rel=\"noreferrer noopener\">vocazione<\/a>, ricorda tutti gli eventi che lo hanno aiutato a discernere su di lei. \u00abPrima di tutto,\u00a0<strong>Sento che era un desiderio fin dalla mia infanzia.<\/strong>\u00a0Andavo in chiesa molto spesso e facevo il chierichetto. A scuola, ogni volta che mi veniva chiesto cosa avrei voluto fare, la mia risposta era una sola: essere un sacerdote.<\/p>\n\n\n\n<p>Dopo aver terminato la scuola dell'obbligo, nel 1996 pensava di iscriversi all'universit\u00e0. Era luglio. Poi, accadde qualcosa che segn\u00f2 la sua vita: \u00abIncontrai un novizio Oblato di Maria Immacolata che condivise con me e mi spieg\u00f2 il carisma della sua congregazione\u00bb.<\/p>\n\n\n\n<p>Quando stava per iscriversi all'Universit\u00e0, fece un ritiro vocazionale con le Missionarie Oblate di Maria Immacolata.<\/p>\n\n\n\n<p><strong>Un ritiro per scoprire la mia vocazione<\/strong><\/p>\n\n\n\n<p>Doveva essere organizzato&nbsp;<strong>un programma professionale<\/strong>&nbsp;Il ritiro \u00e8 durato tre giorni e Abid Saleem, senza pensarci due volte, ha detto s\u00ec, volevo partecipare. \u00abInsieme a me, altre quattro persone hanno partecipato al ritiro. Tutti abbiamo apprezzato il programma e abbiamo amato la spiritualit\u00e0 degli Oblati e il loro modo di \u201cevangelizzare i poveri\u201d.<\/p>\n\n\n\n<p>Dopo il programma, sono tornati a casa e dopo qualche giorno, quattro di loro hanno ricevuto una lettera di invito a entrare in seminario. Abid Saleem e un amico si sono iscritti, ma dopo un anno di discernimento il suo amico ha scoperto che non era la sua vocazione e si \u00e8 ritirato, mentre Abid ha continuato la sua formazione, che \u00e8 stata un periodo molto arricchente per lui, con molte esperienze significative.<\/p>\n\n\n\n<figure class=\"wp-block-embed is-type-video is-provider-youtube wp-block-embed-youtube wp-embed-aspect-16-9 wp-has-aspect-ratio\"><div class=\"wp-block-embed__wrapper\">\n<iframe loading=\"lazy\" title=\"Cardinale del Pakistan: Ammiro i cristiani del mio Paese per la fede che hanno\" width=\"500\" height=\"281\" src=\"https:\/\/www.youtube.com\/embed\/N9G0STd6Fzs?feature=oembed\" frameborder=\"0\" allow=\"accelerometer; autoplay; clipboard-write; encrypted-media; gyroscope; picture-in-picture; web-share\" referrerpolicy=\"strict-origin-when-cross-origin\" allowfullscreen><\/iframe>\n<\/div><\/figure>\n\n\n\n<p><strong>Stazione Missionaria Oblata<\/strong><\/p>\n\n\n\n<p>Durante il primo anno di formazione in seminario, tra le attivit\u00e0 che abbiamo svolto, una \u00e8 stata particolarmente interessante. Siamo andati a Derekabad, una stazione missionaria delle Oblate.&nbsp;<strong>Si tratta di un'area desertica dove gli Oblati hanno costruito una bellissima grotta.<\/strong>. Il lavoro di questi fratelli nella grotta \u00e8 stato per me fonte di ispirazione.<\/p>\n\n\n\n<p>Un altro evento che mi ha toccato \u00e8 stato partecipare all'ordinazione sacerdotale di un fratello della congregazione, la prima ordinazione a cui abbia mai assistito. Questa celebrazione ha davvero rafforzato anche la mia vocazione.<\/p>\n\n\n\n<p>A partire dal 1998, ha potuto iniziare a studiare per conseguire una laurea in <a href=\"https:\/\/staging.fundacioncarf.org\/conoce-fundacion-carf\/\" target=\"_blank\" data-type=\"page\" data-id=\"167416\" rel=\"noreferrer noopener\">Filosofia<\/a> e poi \u00e8 stato mandato in Sri Lanka per il pre-noviziato e il noviziato, un'altra bella esperienza di internazionalit\u00e0.<\/p>\n\n\n\n<p>Ha preso i primi voti nel 2003. Dopo essere tornato in Pakistan, ha completato gli studi teologici presso l'Istituto Nazionale Cattolico di Teologia. Ha emesso i voti perpetui il 22 agosto 2008 ed \u00e8 stato ordinato\u00a0<a href=\"https:\/\/staging.fundacioncarf.org\/midhun-europa-debe-aprender-de-india-el-valor-unidad-familiar\/\" target=\"_blank\" rel=\"noreferrer noopener\">diacono<\/a>\u00a0il giorno successivo.<\/p>\n\n\n\n<p>Infine, il 17 febbraio 2009, sono stato ordinato sacerdote nella Cattedrale del Sacro Cuore, a Lahore. Il mio periodo di formazione \u00e8 stato eccellente. Ringrazio il Signore per tutti quei formatori e insegnanti che mi hanno formato per essere un vero servitore di Dio.<\/p>\n\n\n\n<h2 class=\"wp-block-heading\" id=\"labor-pastoral-y-servicio-en-la-diocesis-tras-su-ordenacion\">Lavoro pastorale e servizio nella diocesi dopo l'ordinazione<\/h2>\n\n\n\n<p>Dopo il suo <a href=\"https:\/\/staging.fundacioncarf.org\/sacerdocio\/que-es-un-sacerdote\/\" target=\"_blank\" data-type=\"page\" data-id=\"169908\" rel=\"noreferrer noopener\">gestione<\/a>, Il suo vescovo lo ha mandato a lavorare in diverse parrocchie, prima come assistente e poi come parroco. Ha lavorato con i giovani e con molti altri gruppi. Ha anche collaborato al\u00a0<strong>Commissione catechistica<\/strong>\u00a0della sua diocesi. Ha avviato l'ufficio della Commissione catechistica nel Vicariato di Quetta.<\/p>\n\n\n\n<p>Nello stesso ufficio gestivo anche un piccolo negozio di articoli religiosi. D'altra parte,\u00a0<strong>ha organizzato molti programmi per gli insegnanti di religione e per le persone.<\/strong>\u00a0e ha lavorato come liturgista nel Vicariato. Sono stato il Maestro di Cerimonia durante la liturgia di molte ordinazioni sacerdotali, diaconati e candidature.<\/p>\n\n\n\n<p>Nel 2016, ho conseguito il B.A (Bachelor of Arts) presso l'Universit\u00e0 del Punjab, a Lahore. Ho anche lavorato come Rettore dello Juniorato degli Oblati negli ultimi tre anni. \u00c8 stata un'altra esperienza arricchente, anche se difficile, ma ho fatto del mio meglio per accompagnare gli studenti nel loro cammino spirituale di discernimento sulla loro vocazione.<\/p>\n\n\n\n<p>\u00abNel nostro Paese, c'\u00e8 molto lavoro da fare, dal momento che <strong>Il gregge di Dio continua a crescere, ma ci sono pochi operai che lo curano\u00bb.<\/strong><\/p>\n\n\n\n<figure class=\"wp-block-image size-full\"><img decoding=\"async\" width=\"800\" height=\"600\" src=\"https:\/\/staging.fundacioncarf.org\/wp-content\/uploads\/2021\/01\/6.jpg\" alt=\"Cristianos de Pakistan\" class=\"wp-image-175003\" srcset=\"https:\/\/staging.fundacioncarf.org\/wp-content\/uploads\/2021\/01\/6.jpg 800w, https:\/\/staging.fundacioncarf.org\/wp-content\/uploads\/2021\/01\/6-600x450.jpg 600w, https:\/\/staging.fundacioncarf.org\/wp-content\/uploads\/2021\/01\/6-300x225.jpg 300w, https:\/\/staging.fundacioncarf.org\/wp-content\/uploads\/2021\/01\/6-768x576.jpg 768w\" sizes=\"(max-width: 800px) 100vw, 800px\" \/><\/figure>\n\n\n\n<p>Il nome ufficiale della nostra congregazione \u00e8&nbsp;<a href=\"https:\/\/www.omiworld.org\/es\/lemma\/oblatos-de-maria-inmaculada-es\/\" target=\"_blank\" rel=\"noreferrer noopener\">Oblati Missionari di Maria Immacolata<\/a>&nbsp;e il suo motto \u00e8 \u201cEvangelizzare i poveri\u201d. Fu fondata da Sant'Eugenio di Mazenod nel 1816 e approvata il 17 febbraio 1826 da Papa Leone XII.<\/p>\n\n\n\n<p>Il fondatore della missione OMI in Pakistan \u00e8 un sacerdote tedesco, il Reverendo Padre Lucian Smith, che all'epoca era Provinciale della Provincia di Colombo, Sri Lanka. Fu lui a inviare tre Oblati in Pakistan nel 1971. C'erano molti missionari Oblati da tutto il mondo, ma soprattutto dallo Sri Lanka.<\/p>\n\n\n\n<h4 class=\"wp-block-heading\" id=\"los-cristianos-de-pakistan-frente-a-una-mayoria-musulmana\">I cristiani del Pakistan devono affrontare la maggioranza musulmana<\/h4>\n\n\n\n<p><strong>Il Pakistan \u00e8 il nono Paese pi\u00f9 grande dell'Asia.<\/strong>&nbsp;Confina con il Mar Arabico, la Cina, l'Afghanistan, l'Iran e l'India. Mohammad Ali Jinnah \u00e8 il fondatore del Pakistan, che ha ottenuto l'indipendenza il 14 agosto 1947.<\/p>\n\n\n\n<p>Il Paese copre un'area totale di 881.913 kmq ed \u00e8 diviso in quattro province, ovvero Punjab, Sindh, Balochistan e Khyber Pakhtunkhwa. La lingua nazionale del Paese \u00e8 l'urdu e l'inglese \u00e8 la lingua ufficiale. Il Pakistan ha una popolazione di circa 211.819.886 cittadini.\u00a0<\/p>\n\n\n\n<p>I musulmani sono in maggioranza con il 95 % della popolazione. Ma\u00a0<strong>il <a href=\"https:\/\/staging.fundacioncarf.org\/alice-topno-misionera-tribal-en-la-india\/\" data-type=\"post\" data-id=\"195303\" target=\"_blank\" rel=\"noreferrer noopener\">I cristiani<\/a> sono una delle pi\u00f9 grandi minoranze religiose del Pakistan, con 2 % della popolazione,<\/strong>\u00a0Circa la met\u00e0 sono cattolici e la met\u00e0 protestanti.<\/p>\n\n\n\n<h3 class=\"wp-block-heading\" id=\"unas-condiciones-muy-pobres\">Condizioni molto povere <\/h3>\n\n\n\n<p>ha una lunga storia nell'Asia meridionale, anche se molti dei cristiani pakistani sono discendenti di ind\u00f9 di bassa casta che si sono convertiti sotto il dominio coloniale britannico per sfuggire alla discriminazione di casta.<\/p>\n\n\n\n<p><strong>I cristiani in Pakistan sono, per la maggior parte, molto poveri.<\/strong>Sono stati impiegati in lavori umili come addetti alle pulizie, manovali e raccoglitori. Nonostante questo, hanno contribuito in modo significativo allo sviluppo del settore sociale del Paese, soprattutto nella costruzione di istituzioni educative, ospedali e centri sanitari in tutto il Pakistan.<\/p>\n\n\n\n<p>Tuttavia, come altre minoranze religiose,\u00a0<strong>I cristiani hanno affrontato discriminazioni e persecuzioni nel corso della storia.<\/strong>Continuano a subire violenze mirate e altri abusi, tra cui l'accaparramento di terre nelle aree rurali, rapimenti e conversioni forzate, nonch\u00e9 atti di vandalismo contro case e chiese. Oggi, continuano a subire violenze mirate e altri abusi, tra cui l'accaparramento di terre nelle aree rurali, rapimenti e conversioni forzate e vandalismo di case e chiese. <\/p>\n\n\n\n<p>\u00abNonostante tutto questo, i cristiani in Pakistan sperano in un futuro migliore\u00bb, ha confidato Abid Saleem. Preghiamo che Dio Onnipotente porti pace e armonia in questo Paese e che le persone possano godere della pienezza della vita\u00bb.<\/p>\n\n\n\n<p>\u00abI cristiani in Pakistan continuano a subire violenze mirate e altri abusi\u00bb.<\/p>\n\n\n\n<figure class=\"wp-block-image size-large\"><img decoding=\"async\" src=\"https:\/\/staging.fundacioncarf.org\/wp-content\/uploads\/2021\/01\/27.jpg\" alt=\"\"\/><\/figure>\n\n\n\n<h5 class=\"wp-block-heading\" id=\"oblatos-en-pakistan\">Oblati in Pakistan<\/h5>\n\n\n\n<p>Hanno lavorato nelle parrocchie e si sono distinti per la creazione delle Comunit\u00e0 Cristiane di Base. In seguito, hanno anche pensato di avviare il programma di formazione. Ora abbiamo tre case di formazione principali: juniorato, filosofato e scolasticato.<\/p>\n\n\n\n<p>Lavoriamo principalmente in otto parrocchie povere in cinque diocesi. Cristo ci invita a seguirlo e a condividere la sua missione attraverso la parola e il lavoro. Il nostro obiettivo principale \u00e8 l'educazione nelle scuole, con i giovani, e soprattutto raggiungere le persone che sono lontane da Dio.<\/p>\n\n\n\n<h5 class=\"wp-block-heading\" id=\"formarse-en-roma-para-trabajar-como-misionero\">Formazione a Roma per il lavoro missionario<\/h5>\n\n\n\n<p>Ora il suo superiore lo sta inviando a Roma per ulteriori studi di Liturgia. \u00abIl mio obiettivo futuro \u00e8 lavorare come&nbsp;<a href=\"https:\/\/staging.fundacioncarf.org\/testimonio\/misionera-futura-comunicadora-social\/\">missionario\u00bb.<\/a><\/p>\n\n\n\n<p>Per questa grande opportunit\u00e0 di formarsi presso la Pontificia Universit\u00e0 della Santa Croce, per poi tornare nel suo Paese e condividere tutto il bene ricevuto, non pu\u00f2 che ringraziare i benefattori della Fondazione CARF: \u00abChe Dio vi benedica per tutto quello che fate per la Chiesa Universale, ma anche per noi, i piccoli, che sono semi nella mano del Signore, in Paesi dove il solo fatto di chiamarsi cristiani pu\u00f2 causare la morte\u00bb.<\/p>\n\n\n\n<hr class=\"wp-block-separator has-alpha-channel-opacity\"\/>\n\n\n\n<p><strong>Gerardo Ferrara<\/strong>Laureata in Storia e Scienze politiche, specializzata in Medio Oriente.<br>Responsabile del corpo studentesco della Pontificia Universit\u00e0 della Santa Croce a Roma.<\/p>\n\n\n\n<hr class=\"wp-block-separator has-alpha-channel-opacity\"\/>\n\n\n\n<div class=\"wp-block-rank-math-toc-block\" id=\"rank-math-toc\"><p><strong>Indice dei contenuti<\/strong><\/p><nav><ul><li class=\"\"><a href=\"#una-familia-catolica-de-once-hermanos\">Una famiglia cattolica di undici fratelli<\/a><\/li><li class=\"\"><a href=\"#labor-pastoral-y-servicio-en-la-diocesis-tras-su-ordenacion\">Lavoro pastorale e servizio nella diocesi dopo l'ordinazione<\/a><ul><li class=\"\"><a href=\"#unas-condiciones-muy-pobres\">Condizioni molto povere<\/a><\/li><\/ul><\/li><\/ul><\/nav><\/div>","protected":false},"excerpt":{"rendered":"<p>Abid Saleem, sacerdote oblato del Pakistan, racconta la sua vocazione e il suo cammino pastorale al servizio delle comunit\u00e0 povere e dei giovani in un Paese che vive di fede e speranza.<\/p>","protected":false},"author":4,"featured_media":228065,"comment_status":"closed","ping_status":"closed","sticky":false,"template":"","format":"standard","meta":{"_acf_changed":false,"give_campaign_id":0,"footnotes":""},"categories":[109],"tags":[172,120,121],"class_list":["post-128968","post","type-post","status-publish","format-standard","has-post-thumbnail","hentry","category-historias","tag-congregaciones-religiosas","tag-sacerdote","tag-seminarista"],"acf":[],"_links":{"self":[{"href":"https:\/\/staging.fundacioncarf.org\/it\/wp-json\/wp\/v2\/posts\/128968","targetHints":{"allow":["GET"]}}],"collection":[{"href":"https:\/\/staging.fundacioncarf.org\/it\/wp-json\/wp\/v2\/posts"}],"about":[{"href":"https:\/\/staging.fundacioncarf.org\/it\/wp-json\/wp\/v2\/types\/post"}],"author":[{"embeddable":true,"href":"https:\/\/staging.fundacioncarf.org\/it\/wp-json\/wp\/v2\/users\/4"}],"replies":[{"embeddable":true,"href":"https:\/\/staging.fundacioncarf.org\/it\/wp-json\/wp\/v2\/comments?post=128968"}],"version-history":[{"count":11,"href":"https:\/\/staging.fundacioncarf.org\/it\/wp-json\/wp\/v2\/posts\/128968\/revisions"}],"predecessor-version":[{"id":228100,"href":"https:\/\/staging.fundacioncarf.org\/it\/wp-json\/wp\/v2\/posts\/128968\/revisions\/228100"}],"wp:featuredmedia":[{"embeddable":true,"href":"https:\/\/staging.fundacioncarf.org\/it\/wp-json\/wp\/v2\/media\/228065"}],"wp:attachment":[{"href":"https:\/\/staging.fundacioncarf.org\/it\/wp-json\/wp\/v2\/media?parent=128968"}],"wp:term":[{"taxonomy":"category","embeddable":true,"href":"https:\/\/staging.fundacioncarf.org\/it\/wp-json\/wp\/v2\/categories?post=128968"},{"taxonomy":"post_tag","embeddable":true,"href":"https:\/\/staging.fundacioncarf.org\/it\/wp-json\/wp\/v2\/tags?post=128968"}],"curies":[{"name":"wp","href":"https:\/\/api.w.org\/{rel}","templated":true}]}}