{"id":27982,"date":"2026-04-28T02:00:03","date_gmt":"2026-04-28T00:00:03","guid":{"rendered":"https:\/\/carfundacion.roymo.info\/?p=27982"},"modified":"2026-04-21T16:23:18","modified_gmt":"2026-04-21T14:23:18","slug":"gabon-iglesia-sacerdotes-formados-comunicacion","status":"publish","type":"post","link":"https:\/\/staging.fundacioncarf.org\/en\/gabon-iglesia-sacerdotes-formados-comunicacion\/","title":{"rendered":"\u00abThe Catholic Church in Gabon needs priests trained in communication.\u00bb"},"content":{"rendered":"<p>Wenceslas Herman Lengoma is a priest of the Diocese of Franceville, in <a href=\"https:\/\/es.wikipedia.org\/wiki\/Gab%C3%B3n\" target=\"_blank\" rel=\"noreferrer noopener\">Gabon<\/a> (Central Africa). He is 46 years old and studied a degree in Institutional Social Communication at the Pontifical University of the Holy Cross in Rome from 2019 to 2021. This was his experience during his training. <\/p>\n\n\n\n<p>His goal is to return to Gabon to professionally manage the media institutions of his diocese, understanding that the Gospel message today requires modern technical and narrative tools.<\/p>\n\n\n\n<h2 class=\"wp-block-heading\" id=\"gabon-necesita-pastores-formados\">\u00abWe need well-trained priests for the Catholic Church\u00bb.\u00bb<\/h2>\n\n\n\n<p>Gabon today has six dioceses and one apostolic prefecture. The country received its first missionaries in 1944, on September 29th, when the Catholic Church was established in Gabon thanks to the missionaries of the Congregation of the Sacred Heart of Mary, who later became the Congregation of the Holy Spirit or the Spiritans.<\/p>\n\n\n\n<p>The diocese where I am incardinated, that of Franceville, groups together two large provinces: the province of Haut Ogoou\u00e9 and that of Ogoou\u00e9 Lolo. This extension poses a serious problem for pastoral work, due to the reduced number of priests who do not reach all the faithful. We need more priests in my diocese, well trained, to reach all the faithful.<\/p>\n\n\n\n<p>This problem is causing so-called \u201cProtestant revival churches\u201d to be established in the area. These <a href=\"https:\/\/staging.fundacioncarf.org\/servir-a-la-iglesia\/\" data-type=\"page\" data-id=\"169919\" target=\"_blank\" rel=\"noreferrer noopener\">churches<\/a> They come to us from bordering countries such as Congo Brazzaville, Cameroon, and even further afield, from countries such as Nigeria, Togo, Benin, Chad, etc. <\/p>\n\n\n\n<p>Therefore, this is the main reason why my bishop sent me to Rome to study Institutional Social Communication, to later establish a Catholic radio station in the diocese, which would promote closeness to our faithful through religious programs such as mass, praise, reading of the word of God, etc.<\/p>\n\n\n\n<h3 class=\"wp-block-heading\" id=\"necesidades-concretas-de-mi-diocesis\">Specific needs of my diocese<\/h3>\n\n\n\n<p>I began to study Social Communications at a university in Rome where I was trained in subjects such as the Social Doctrine of the Church, History of Sociology, Economics, Psychology, History of the Media, etc. All these subjects, in spite of their importance, did not meet the concrete needs of my diocese. So, I decided to change university.<\/p>\n\n\n\n<blockquote class=\"wp-block-quote is-layout-flow wp-block-quote-is-layout-flow\">\n<p><strong><em>\"We need more well-trained priests in my diocese Franceville, (Gabon, Central Africa), to reach out to all the faithful.\"<\/em><\/strong><\/p>\n<\/blockquote>\n\n\n\n<p>Its bishop wants to promote a Catholic radio station in the diocese and to foster closeness with the faithful through religious programs.<\/p>\n\n\n\n<p><strong>\"I embarked on an incredible adventure.\"<\/strong><\/p>\n\n\n\n<p>On October 8, 2018, the day of the beginning of the school year, I embarked on an incredible adventure: that of looking for where the university was that could provide me with the formation I needed to be useful and effective to the people of God in my country, and as providence is the mother of all virtues, at 10:30 - I still remember the exact day and time, I came across a large building where I could read the plaque \u201cPontifical University of the Holy Cross\u201d.<\/p>\n\n\n\n<figure class=\"wp-block-image size-full is-resized\"><img decoding=\"async\" width=\"960\" height=\"720\" src=\"https:\/\/staging.fundacioncarf.org\/wp-content\/uploads\/2020\/09\/Cathedral_of_Saint-Marie_Libreville.jpg\" alt=\"gab\u00f3n iglesia cat\u00f3lica sacerdote comunicaci\u00f3n \" class=\"wp-image-228916\" style=\"aspect-ratio:1.3333421912784673;width:788px;height:auto\" srcset=\"https:\/\/staging.fundacioncarf.org\/wp-content\/uploads\/2020\/09\/Cathedral_of_Saint-Marie_Libreville.jpg 960w, https:\/\/staging.fundacioncarf.org\/wp-content\/uploads\/2020\/09\/Cathedral_of_Saint-Marie_Libreville-300x225.jpg 300w, https:\/\/staging.fundacioncarf.org\/wp-content\/uploads\/2020\/09\/Cathedral_of_Saint-Marie_Libreville-150x113.jpg 150w, https:\/\/staging.fundacioncarf.org\/wp-content\/uploads\/2020\/09\/Cathedral_of_Saint-Marie_Libreville-768x576.jpg 768w, https:\/\/staging.fundacioncarf.org\/wp-content\/uploads\/2020\/09\/Cathedral_of_Saint-Marie_Libreville-16x12.jpg 16w\" sizes=\"(max-width: 960px) 100vw, 960px\" \/><\/figure>\n\n\n\n<p>My heart was filled with joy, even without knowing why. So I cheered up and, without knowing exactly where I was going, I went in and kept walking with great determination. I walked through the corridors, read material about the Faculties and the classes and in the end I arrived to meet Professor Daniel Arasa, Vice-Dean of the Faculty of Communication, and then the Dean of the Faculty of Communication.<\/p>\n\n\n\n<p><strong>Well-trained priests in the field of communications<\/strong><\/p>\n\n\n\n<p>I explained to them what had happened to me and the urgent need that my diocese and I had to have priests well trained in the field of communication. More than a year has passed since that moment and I can say that at Holy Cross I found a direct link with the long-awaited objectives of my diocese, and today I feel happy and I am learning a lot, for which I am very grateful to those responsible for this institution.<\/p>\n\n\n\n<blockquote class=\"wp-block-quote is-layout-flow wp-block-quote-is-layout-flow\">\n<p><em><strong>\"At the Pontifical University of the Holy Cross, I have found a direct link to the long-awaited goals of my diocese.\"<\/strong><\/em><\/p>\n<\/blockquote>\n\n\n\n<p>Wenceslas learned a lot at the Pontifical University of the Holy Cross in Rome. Thanks to his degree in Institutional Social Communication, when he arrives in his diocese in Gabon, he will be able to promote the Catholic radio station requested by his bishop, whose work has been suspended due to lack of funds. He is grateful to the partners, benefactors and friends of the CARF Foundation for their help in completing his studies.<\/p>\n\n\n\n<p><strong>Thanks to the support of the CARF Foundation<\/strong><\/p>\n\n\n\n<p>What has made this great change in my academic and priestly life possible - because in this way I can dedicate myself to the needs of the people of God in my diocese - was the support of the CARF Foundation (Centro Academico Romano Foundation). <\/p>\n\n\n\n<p>In fact, when I enrolled, the representative of this Foundation spoke to me about the possibility of being helped - and not only me, but also my diocese - to be trained in the Faculty of Communication and to put my knowledge at the service of my bishop and the faithful in Gabon, completing the radio station, whose construction work was suspended due to lack of funds.<\/p>\n\n\n\n<p>\u00abThis experience is a providential adventure that has led me to this <a href=\"https:\/\/es.pusc.it\/\" target=\"_blank\" rel=\"noreferrer noopener\"><strong>Pontifical University of the Holy Cross<\/strong><\/a>. I remain grateful to the entire administrative staff, to the professors, as well as to the benefactors of the CARF Foundation: may the Lord grant each one of you the necessary graces, and may St. Josemar\u00eda Escriv\u00e1, founder of Opus Dei, always take care of each of your families and of you!<\/p>\n\n\n\n<figure class=\"wp-block-embed is-type-video is-provider-youtube wp-block-embed-youtube wp-embed-aspect-16-9 wp-has-aspect-ratio\"><div class=\"wp-block-embed__wrapper\">\n<iframe loading=\"lazy\" title=\"Witnesses | Pedro Pablo, the story of a Venezuelan priest\" width=\"500\" height=\"281\" src=\"https:\/\/www.youtube.com\/embed\/74MBV0i3nJg?feature=oembed\" frameborder=\"0\" allow=\"accelerometer; autoplay; clipboard-write; encrypted-media; gyroscope; picture-in-picture; web-share\" referrerpolicy=\"strict-origin-when-cross-origin\" allowfullscreen><\/iframe>\n<\/div><\/figure>\n\n\n\n<hr class=\"wp-block-separator has-alpha-channel-opacity\"\/>\n\n\n\n<p><strong><a href=\"https:\/\/www.amazon.es\/stores\/author\/B0C8ZNHJ95\" target=\"_blank\" rel=\"noreferrer noopener\">Gerardo Ferrara<\/a><\/strong><br>BA in History and Political Science, specializing in the Middle East.<br>Head of the student body at the Pontifical University of the Holy Cross in Rome.<\/p>\n\n\n\n<hr class=\"wp-block-separator has-alpha-channel-opacity\"\/>\n\n\n\n<div class=\"wp-block-rank-math-toc-block\" id=\"rank-math-toc\"><h2>Table of Contents<\/h2><nav><ul><li><a href=\"#gabon-necesita-pastores-formados\">\u00abWe need well-trained priests for the Catholic Church\u00bb.\u00bb<\/a><ul><li><a href=\"#necesidades-concretas-de-mi-diocesis\">Specific needs of my diocese<\/a><\/li><\/ul><\/li><\/ul><\/nav><\/div>\n\n\n\n<hr class=\"wp-block-separator has-alpha-channel-opacity\"\/>","protected":false},"excerpt":{"rendered":"<p>Wenceslas Lengoma is a priest from Gabon (Central Africa). He studied Institutional Social Communication at the Pontifical University of the Holy Cross in Rome to create the radio of the diocese where he graduated.<\/p>","protected":false},"author":4,"featured_media":229442,"comment_status":"closed","ping_status":"closed","sticky":false,"template":"","format":"standard","meta":{"_acf_changed":false,"give_campaign_id":0,"footnotes":""},"categories":[109],"tags":[172,120,121],"class_list":["post-27982","post","type-post","status-publish","format-standard","has-post-thumbnail","hentry","category-historias","tag-congregaciones-religiosas","tag-sacerdote","tag-seminarista"],"acf":[],"_links":{"self":[{"href":"https:\/\/staging.fundacioncarf.org\/en\/wp-json\/wp\/v2\/posts\/27982","targetHints":{"allow":["GET"]}}],"collection":[{"href":"https:\/\/staging.fundacioncarf.org\/en\/wp-json\/wp\/v2\/posts"}],"about":[{"href":"https:\/\/staging.fundacioncarf.org\/en\/wp-json\/wp\/v2\/types\/post"}],"author":[{"embeddable":true,"href":"https:\/\/staging.fundacioncarf.org\/en\/wp-json\/wp\/v2\/users\/4"}],"replies":[{"embeddable":true,"href":"https:\/\/staging.fundacioncarf.org\/en\/wp-json\/wp\/v2\/comments?post=27982"}],"version-history":[{"count":19,"href":"https:\/\/staging.fundacioncarf.org\/en\/wp-json\/wp\/v2\/posts\/27982\/revisions"}],"predecessor-version":[{"id":229445,"href":"https:\/\/staging.fundacioncarf.org\/en\/wp-json\/wp\/v2\/posts\/27982\/revisions\/229445"}],"wp:featuredmedia":[{"embeddable":true,"href":"https:\/\/staging.fundacioncarf.org\/en\/wp-json\/wp\/v2\/media\/229442"}],"wp:attachment":[{"href":"https:\/\/staging.fundacioncarf.org\/en\/wp-json\/wp\/v2\/media?parent=27982"}],"wp:term":[{"taxonomy":"category","embeddable":true,"href":"https:\/\/staging.fundacioncarf.org\/en\/wp-json\/wp\/v2\/categories?post=27982"},{"taxonomy":"post_tag","embeddable":true,"href":"https:\/\/staging.fundacioncarf.org\/en\/wp-json\/wp\/v2\/tags?post=27982"}],"curies":[{"name":"wp","href":"https:\/\/api.w.org\/{rel}","templated":true}]}}